{"id":19676,"date":"2021-05-22T09:49:39","date_gmt":"2021-05-22T07:49:39","guid":{"rendered":"http:\/\/bacanaskincare.com\/?p=19676"},"modified":"2022-01-14T10:15:13","modified_gmt":"2022-01-14T09:15:13","slug":"como-tratar-melasma-com-cosmeticos-naturais","status":"publish","type":"post","link":"https:\/\/bacanaskincare.com\/pt-br\/como-tratar-melasma-com-cosmeticos-naturais\/","title":{"rendered":"O que \u00e9 Melasma e como trat\u00e1-lo com cosm\u00e9ticos naturais?"},"content":{"rendered":"<div class=\"wpb-content-wrapper\"><p>[vc_row][vc_column][vc_column_text]<img loading=\"lazy\" decoding=\"async\" class=\"size-full wp-image-18459 aligncenter\" src=\"http:\/\/bacanaskincare.com\/wp-content\/uploads\/2020\/11\/melasma2.jpg\" alt=\"\" width=\"600\" height=\"400\"><\/p>\n<h2>O que \u00e9 Melasma e como trat\u00e1-lo com cosm\u00e9ticos naturais?<\/h2>\n<p>O melasma \u00e9 um dist\u00farbio caracterizado por uma hiperpigmenta\u00e7\u00e3o decorrente do aumento na deposi\u00e7\u00e3o de melanina &#8211; pigmento marrom que protege o DNA &#8211; e resulta no aparecimento de manchas escuras na pele. Ocorre mais frequentemente em \u00e1reas expostas \u00e0 luz ultravioleta, incluindo a luz solar direta, indireta e luzes emitidas por computador, smartphones, tablets e l\u00e2mpadas comuns (1).<br \/>\n\u00c9 muito comum o aparecimento em mulheres, mas tamb\u00e9m pode afetar os homens. Geralmente altera\u00e7\u00f5es hormonais s\u00e3o provocadoras do melasma, logo mulheres gr\u00e1vidas, que usam anticoncepcionais ou fazem reposi\u00e7\u00e3o hormonal s\u00e3o mais propensas a desenvolver.<br \/>\nDentre essas \u00e1reas mais afetadas podemos destacar: bochechas, nariz, testa e colo.<\/p>\n<h2>Como identificar se voc\u00ea tem Melasma?<\/h2>\n<p>Se voc\u00ea possui manchas marrons sim\u00e9tricas na pele h\u00e1 grandes chances de ser melasma, mas lembre-se que somente um dermatologista pode fazer o diagn\u00f3stico correto e nunca fa\u00e7a nenhum tratamento nas manchas antes de se certificar sobre a melhor conduta com seu m\u00e9dico.<\/p>\n<h3>Tipos de pele mais afetados<\/h3>\n<p>Embora o melasma possa afetar qualquer ra\u00e7a, \u00e9 muito mais comum em tipos de pele mais escuros do que em tipos de pele mais clara. Pode ser mais comum ainda em peles morenas claras, especialmente em pessoas do Leste Asi\u00e1tico, Sudeste Asi\u00e1tico e de origem hisp\u00e2nica que vivem em regi\u00f5es com intensa exposi\u00e7\u00e3o solar (2). O melasma \u00e9 o dist\u00farbio pigmentar mais comum entre os \u00edndios.<\/p>\n<p>Existem no mercado muitas op\u00e7\u00f5es eficazes de tratamento natural pro Melasma, mostraremos abaixo alguns comumente utilizados e bem aceitos pelos consumidores.<\/p>\n<h2>O que torna o melasma pior?<\/h2>\n<p>Como j\u00e1 citamos, a exposi\u00e7\u00e3o excessiva ao sol, calor e fontes luminosas podem piorar as manchas. O melasma \u00e9 uma condi\u00e7\u00e3o cr\u00f4nica e seguir o tratamento de forma correta \u00e9 fundamental para evitar recidivas. Toda fonte de calor pode agravar o melasma ou estimular seu surgimento. \u00c9 um tratamento longo e que exige muita dedica\u00e7\u00e3o no uso dos produtos adequados para cada pele.<\/p>\n<h2>Rem\u00e9dios naturais de Melasma<\/h2>\n<p>&nbsp;<\/p>\n<p><img loading=\"lazy\" decoding=\"async\" class=\"size-full wp-image-18462 aligncenter\" src=\"http:\/\/bacanaskincare.com\/wp-content\/uploads\/2020\/11\/treatment2.jpg\" alt=\"\" width=\"600\" height=\"400\"><\/p>\n<p>Aloe Vera<br \/>\nUm estudo realizado em mulheres gr\u00e1vidas com melasma que usaram uma prepara\u00e7\u00e3o t\u00f3pica com Aloe vera mostrou uma significativa melhora no melasma ap\u00f3s 5 semanas de uso. (3)<\/p>\n<p>Bisabolol<br \/>\nO bisabolol natural \u00e9 conhecidamente antiinflamat\u00f3rio e tamb\u00e9m atua inibindo a produ\u00e7\u00e3o de melanina.<\/p>\n<p>Argila Vermelha<br \/>\nA argila foi uma das primeiras subst\u00e2ncias utilizadas na humanidade com efeito terap\u00eautico para diversos tratamentos. \u00c9 tradicionalmente usada para clarear manchas e remover impurezas e toxinas da pele.<\/p>\n<p>\u00d3leo de Pracaxi<br \/>\nEsse \u00f3leo multifuncional \u00e9 conhecido por ajudar na redu\u00e7\u00e3o de manchas na pele al\u00e9m de seu elevado poder hidratante e cicatrizante.<\/p>\n<h3>A import\u00e2ncia de usar protetor solar<\/h3>\n<p>Como os fatores que desencadeiam o melasma s\u00e3o ativados pela exposi\u00e7\u00e3o \u00e0 luz, \u00e9 importante usar protetor solar todos os dias e repor a cada 3 horas mesmo estando dentro de casa. Ele funciona como barreira \u00e0 luz vis\u00edvel e solar. D\u00ea prefer\u00eancia a f\u00f3rmulas vegetalizadas e com cor, assim o protetor j\u00e1 funciona como base para o rosto.<\/p>\n<p>Al\u00e9m disso, evite exposi\u00e7\u00e3o excessiva ao sol e ao calor. Tamb\u00e9m aposte em produtos antioxidantes, que previnem os danos causados pelos radicais livres na pele. Recomenda-se tamb\u00e9m o use chap\u00e9us, que tamb\u00e9m bloqueiam parte dos raios solares, funcionando como prote\u00e7\u00e3o f\u00edsica.<\/p>\n<h2>Conhe\u00e7a os produtos da Bacana que podem ajudar<\/h2>\n<p>A Bacana possui alguns produtos que podem ser adjuvantes no tratamento do Melasma.<\/p>\n<p>O <a href=\"https:\/\/bacanaskincare.com\/pt-br\/shop\/tropical-shine-oil-serum\/\">Tropical Shine Serum<\/a> possui bisabolol natural e \u00f3leo de pracaxi em sua f\u00f3rmula al\u00e9m de antioxidantes que v\u00e3o ajudar no clareamento e preven\u00e7\u00e3o dos danos solares.<\/p>\n<p>No <a href=\"http:\/\/bacanaskincare.com\/shop\/blooming-nature-cream\/\">Blooming Nature Cream<\/a> podemos encontrar Aloe Vera, que al\u00e9m de auxiliar no melasma vai manter a pele super hidratada.<\/p>\n<p>A <a href=\"https:\/\/bacanaskincare.com\/pt-br\/shop\/red-clay-face-mask\/\">M\u00e1scara de Argila Vermelha<\/a> \u00e9 indicada para todos os tipos de pele e vai auxiliar no clareamento de manchas e remo\u00e7\u00e3o de toxinas sem ressecar a pele, mantendo-a hidratada.<\/p>\n<h3>Fontes:<\/h3>\n<p><a href=\"https:\/\/www.ncbi.nlm.nih.gov\/pmc\/articles\/PMC4228635\/\">https:\/\/www.ncbi.nlm.nih.gov\/pmc\/articles\/PMC4228635\/<\/a><br \/>\n<a href=\"https:\/\/www.ncbi.nlm.nih.gov\/pmc\/articles\/PMC2807702\/\">https:\/\/www.ncbi.nlm.nih.gov\/pmc\/articles\/PMC2807702\/<\/a><br \/>\n<a href=\"https:\/\/pubmed.ncbi.nlm.nih.gov\/28139161\/\">https:\/\/pubmed.ncbi.nlm.nih.gov\/28139161\/<\/a><\/p>\n<div class=\"woocommerce columns-4 \">\r\n<ul class=\"products oceanwp-row clr grid tablet-col tablet-2-col mobile-col mobile-2-col infinite-scroll-wrap\">\r\n<li class=\"entry has-media has-rating has-product-nav col span_1_of_4 owp-content-center item-entry owp-thumbs-layout-horizontal owp-btn-normal owp-tabs-layout-horizontal circle-sale product type-product post-19560 status-publish first instock product_cat-skin-care-pt-br has-post-thumbnail shipping-taxable purchasable product-type-simple\">\n\t<div class=\"product-inner clr\">\r\n\t<div class=\"woo-entry-image-swap woo-entry-image clr\">\r\n\t\t<a href=\"https:\/\/bacanaskincare.com\/pt-br\/product\/multi-action-face-cream\/\" class=\"woocommerce-LoopProduct-link\"><img loading=\"lazy\" decoding=\"async\" width=\"300\" height=\"300\" src=\"https:\/\/bacanaskincare.com\/wp-content\/uploads\/2019\/10\/Moisturizing-Cream-300x300.jpg\" class=\"woo-entry-image-main\" alt=\"Creme Hidratante Facial (Blooming Nature Cream)\" srcset=\"https:\/\/bacanaskincare.com\/wp-content\/uploads\/2019\/10\/Moisturizing-Cream-300x300.jpg 300w, https:\/\/bacanaskincare.com\/wp-content\/uploads\/2019\/10\/Moisturizing-Cream-600x600.jpg 600w, https:\/\/bacanaskincare.com\/wp-content\/uploads\/2019\/10\/Moisturizing-Cream-1024x1024.jpg 1024w, https:\/\/bacanaskincare.com\/wp-content\/uploads\/2019\/10\/Moisturizing-Cream-768x768.jpg 768w, https:\/\/bacanaskincare.com\/wp-content\/uploads\/2019\/10\/Moisturizing-Cream-120x120.jpg 120w, https:\/\/bacanaskincare.com\/wp-content\/uploads\/2019\/10\/Moisturizing-Cream-1000x1000.jpg 1000w, https:\/\/bacanaskincare.com\/wp-content\/uploads\/2019\/10\/Moisturizing-Cream-100x100.jpg 100w, https:\/\/bacanaskincare.com\/wp-content\/uploads\/2019\/10\/Moisturizing-Cream.jpg 1050w\" sizes=\"auto, (max-width: 300px) 100vw, 300px\" \/><img loading=\"lazy\" decoding=\"async\" width=\"300\" height=\"300\" src=\"https:\/\/bacanaskincare.com\/wp-content\/uploads\/2019\/10\/BNC-art-300x300.jpg\" class=\"woo-entry-image-secondary\" alt=\"Creme Hidratante Facial (Blooming Nature Cream)\" srcset=\"https:\/\/bacanaskincare.com\/wp-content\/uploads\/2019\/10\/BNC-art-300x300.jpg 300w, https:\/\/bacanaskincare.com\/wp-content\/uploads\/2019\/10\/BNC-art-100x100.jpg 100w, https:\/\/bacanaskincare.com\/wp-content\/uploads\/2019\/10\/BNC-art.jpg 600w\" sizes=\"auto, (max-width: 300px) 100vw, 300px\" \/><\/a>\t<\/div><!-- .woo-entry-image-swap -->\r\n\r\n<ul class=\"woo-entry-inner clr\"><li class=\"title\"><h2><a href=\"https:\/\/bacanaskincare.com\/pt-br\/product\/multi-action-face-cream\/\">Creme Hidratante Facial (Blooming Nature Cream)<\/a><\/h2><\/li><li class=\"image-wrap\">\r\n\t<div class=\"woo-entry-image-swap woo-entry-image clr\">\r\n\t\t<a href=\"https:\/\/bacanaskincare.com\/pt-br\/product\/multi-action-face-cream\/\" class=\"woocommerce-LoopProduct-link\"><img loading=\"lazy\" decoding=\"async\" width=\"300\" height=\"300\" src=\"https:\/\/bacanaskincare.com\/wp-content\/uploads\/2019\/10\/Moisturizing-Cream-300x300.jpg\" class=\"woo-entry-image-main\" alt=\"Creme Hidratante Facial (Blooming Nature Cream)\" srcset=\"https:\/\/bacanaskincare.com\/wp-content\/uploads\/2019\/10\/Moisturizing-Cream-300x300.jpg 300w, https:\/\/bacanaskincare.com\/wp-content\/uploads\/2019\/10\/Moisturizing-Cream-600x600.jpg 600w, https:\/\/bacanaskincare.com\/wp-content\/uploads\/2019\/10\/Moisturizing-Cream-1024x1024.jpg 1024w, https:\/\/bacanaskincare.com\/wp-content\/uploads\/2019\/10\/Moisturizing-Cream-768x768.jpg 768w, https:\/\/bacanaskincare.com\/wp-content\/uploads\/2019\/10\/Moisturizing-Cream-120x120.jpg 120w, https:\/\/bacanaskincare.com\/wp-content\/uploads\/2019\/10\/Moisturizing-Cream-1000x1000.jpg 1000w, https:\/\/bacanaskincare.com\/wp-content\/uploads\/2019\/10\/Moisturizing-Cream-100x100.jpg 100w, https:\/\/bacanaskincare.com\/wp-content\/uploads\/2019\/10\/Moisturizing-Cream.jpg 1050w\" sizes=\"auto, (max-width: 300px) 100vw, 300px\" \/><img loading=\"lazy\" decoding=\"async\" width=\"300\" height=\"300\" src=\"https:\/\/bacanaskincare.com\/wp-content\/uploads\/2019\/10\/BNC-art-300x300.jpg\" class=\"woo-entry-image-secondary\" alt=\"Creme Hidratante Facial (Blooming Nature Cream)\" srcset=\"https:\/\/bacanaskincare.com\/wp-content\/uploads\/2019\/10\/BNC-art-300x300.jpg 300w, https:\/\/bacanaskincare.com\/wp-content\/uploads\/2019\/10\/BNC-art-100x100.jpg 100w, https:\/\/bacanaskincare.com\/wp-content\/uploads\/2019\/10\/BNC-art.jpg 600w\" sizes=\"auto, (max-width: 300px) 100vw, 300px\" \/><\/a>\t<\/div><!-- .woo-entry-image-swap -->\r\n\r\n<\/li><li class=\"price-wrap\">\n\t<span class=\"price\"><span class=\"woocommerce-Price-amount amount\"><bdi><span class=\"woocommerce-Price-currencySymbol\">&euro;<\/span>38.00<\/bdi><\/span><\/span>\n<\/li><li class=\"rating\"><div class=\"star-rating\" role=\"img\" aria-label=\"Avalia\u00e7\u00e3o 4.84 de 5\"><span style=\"width:96.8%\">Avalia\u00e7\u00e3o <strong class=\"rating\">4.84<\/strong> de 5<\/span><\/div><\/li><li class=\"btn-wrap clr\"><a href=\"\/pt-br\/wp-json\/wp\/v2\/posts\/19676?add-to-cart=19560\" aria-describedby=\"woocommerce_loop_add_to_cart_link_describedby_19560\" data-quantity=\"1\" class=\"button product_type_simple add_to_cart_button ajax_add_to_cart\" data-product_id=\"19560\" data-product_sku=\"211019\" aria-label=\"Adicione ao carrinho: &ldquo;Creme Hidratante Facial (Blooming Nature Cream)&rdquo;\" rel=\"nofollow\" data-success_message=\"\u201cCreme Hidratante Facial (Blooming Nature Cream)\u201d foi adicionado ao seu carrinho\" role=\"button\">Adicionar ao carrinho<\/a>\t<span id=\"woocommerce_loop_add_to_cart_link_describedby_19560\" class=\"screen-reader-text\">\n\t\t\t<\/span>\n<\/li><\/ul><\/div><!-- .product-inner .clr --><\/li>\n<li class=\"entry has-media has-rating has-product-nav col span_1_of_4 owp-content-center item-entry owp-thumbs-layout-horizontal owp-btn-normal owp-tabs-layout-horizontal circle-sale product type-product post-19685 status-publish instock product_cat-skin-care-pt-br has-post-thumbnail shipping-taxable purchasable product-type-variable has-default-attributes\">\n\t<div class=\"product-inner clr\">\r\n\t<div class=\"woo-entry-image-swap woo-entry-image clr\">\r\n\t\t<a href=\"https:\/\/bacanaskincare.com\/pt-br\/product\/bakuchiol-oil-serum\/\" class=\"woocommerce-LoopProduct-link\"><img loading=\"lazy\" decoding=\"async\" width=\"300\" height=\"300\" src=\"https:\/\/bacanaskincare.com\/wp-content\/uploads\/2021\/04\/Serum-Bakuchiol-4-300x300.jpg\" class=\"woo-entry-image-main\" alt=\"Bio-Retinol Oil Serum (Bakuchiol)\" srcset=\"https:\/\/bacanaskincare.com\/wp-content\/uploads\/2021\/04\/Serum-Bakuchiol-4-300x300.jpg 300w, https:\/\/bacanaskincare.com\/wp-content\/uploads\/2021\/04\/Serum-Bakuchiol-4-600x600.jpg 600w, https:\/\/bacanaskincare.com\/wp-content\/uploads\/2021\/04\/Serum-Bakuchiol-4-1024x1024.jpg 1024w, https:\/\/bacanaskincare.com\/wp-content\/uploads\/2021\/04\/Serum-Bakuchiol-4-768x768.jpg 768w, https:\/\/bacanaskincare.com\/wp-content\/uploads\/2021\/04\/Serum-Bakuchiol-4-120x120.jpg 120w, https:\/\/bacanaskincare.com\/wp-content\/uploads\/2021\/04\/Serum-Bakuchiol-4-1000x1000.jpg 1000w, https:\/\/bacanaskincare.com\/wp-content\/uploads\/2021\/04\/Serum-Bakuchiol-4-100x100.jpg 100w, https:\/\/bacanaskincare.com\/wp-content\/uploads\/2021\/04\/Serum-Bakuchiol-4.jpg 1050w\" sizes=\"auto, (max-width: 300px) 100vw, 300px\" \/><img loading=\"lazy\" decoding=\"async\" width=\"300\" height=\"300\" src=\"https:\/\/bacanaskincare.com\/wp-content\/uploads\/2021\/04\/Serum-Bakuchiol-300x300.jpg\" class=\"woo-entry-image-secondary\" alt=\"Bio-Retinol Oil Serum (Bakuchiol)\" srcset=\"https:\/\/bacanaskincare.com\/wp-content\/uploads\/2021\/04\/Serum-Bakuchiol-300x300.jpg 300w, https:\/\/bacanaskincare.com\/wp-content\/uploads\/2021\/04\/Serum-Bakuchiol-600x600.jpg 600w, https:\/\/bacanaskincare.com\/wp-content\/uploads\/2021\/04\/Serum-Bakuchiol-1024x1024.jpg 1024w, https:\/\/bacanaskincare.com\/wp-content\/uploads\/2021\/04\/Serum-Bakuchiol-768x768.jpg 768w, https:\/\/bacanaskincare.com\/wp-content\/uploads\/2021\/04\/Serum-Bakuchiol-120x120.jpg 120w, https:\/\/bacanaskincare.com\/wp-content\/uploads\/2021\/04\/Serum-Bakuchiol-1000x1000.jpg 1000w, https:\/\/bacanaskincare.com\/wp-content\/uploads\/2021\/04\/Serum-Bakuchiol-100x100.jpg 100w, https:\/\/bacanaskincare.com\/wp-content\/uploads\/2021\/04\/Serum-Bakuchiol.jpg 1050w\" sizes=\"auto, (max-width: 300px) 100vw, 300px\" \/><\/a>\t<\/div><!-- .woo-entry-image-swap -->\r\n\r\n<ul class=\"woo-entry-inner clr\"><li class=\"title\"><h2><a href=\"https:\/\/bacanaskincare.com\/pt-br\/product\/bakuchiol-oil-serum\/\">Bio-Retinol Oil Serum (Bakuchiol)<\/a><\/h2><\/li><li class=\"image-wrap\">\r\n\t<div class=\"woo-entry-image-swap woo-entry-image clr\">\r\n\t\t<a href=\"https:\/\/bacanaskincare.com\/pt-br\/product\/bakuchiol-oil-serum\/\" class=\"woocommerce-LoopProduct-link\"><img loading=\"lazy\" decoding=\"async\" width=\"300\" height=\"300\" src=\"https:\/\/bacanaskincare.com\/wp-content\/uploads\/2021\/04\/Serum-Bakuchiol-4-300x300.jpg\" class=\"woo-entry-image-main\" alt=\"Bio-Retinol Oil Serum (Bakuchiol)\" srcset=\"https:\/\/bacanaskincare.com\/wp-content\/uploads\/2021\/04\/Serum-Bakuchiol-4-300x300.jpg 300w, https:\/\/bacanaskincare.com\/wp-content\/uploads\/2021\/04\/Serum-Bakuchiol-4-600x600.jpg 600w, https:\/\/bacanaskincare.com\/wp-content\/uploads\/2021\/04\/Serum-Bakuchiol-4-1024x1024.jpg 1024w, https:\/\/bacanaskincare.com\/wp-content\/uploads\/2021\/04\/Serum-Bakuchiol-4-768x768.jpg 768w, https:\/\/bacanaskincare.com\/wp-content\/uploads\/2021\/04\/Serum-Bakuchiol-4-120x120.jpg 120w, https:\/\/bacanaskincare.com\/wp-content\/uploads\/2021\/04\/Serum-Bakuchiol-4-1000x1000.jpg 1000w, https:\/\/bacanaskincare.com\/wp-content\/uploads\/2021\/04\/Serum-Bakuchiol-4-100x100.jpg 100w, https:\/\/bacanaskincare.com\/wp-content\/uploads\/2021\/04\/Serum-Bakuchiol-4.jpg 1050w\" sizes=\"auto, (max-width: 300px) 100vw, 300px\" \/><img loading=\"lazy\" decoding=\"async\" width=\"300\" height=\"300\" src=\"https:\/\/bacanaskincare.com\/wp-content\/uploads\/2021\/04\/Serum-Bakuchiol-300x300.jpg\" class=\"woo-entry-image-secondary\" alt=\"Bio-Retinol Oil Serum (Bakuchiol)\" srcset=\"https:\/\/bacanaskincare.com\/wp-content\/uploads\/2021\/04\/Serum-Bakuchiol-300x300.jpg 300w, https:\/\/bacanaskincare.com\/wp-content\/uploads\/2021\/04\/Serum-Bakuchiol-600x600.jpg 600w, https:\/\/bacanaskincare.com\/wp-content\/uploads\/2021\/04\/Serum-Bakuchiol-1024x1024.jpg 1024w, https:\/\/bacanaskincare.com\/wp-content\/uploads\/2021\/04\/Serum-Bakuchiol-768x768.jpg 768w, https:\/\/bacanaskincare.com\/wp-content\/uploads\/2021\/04\/Serum-Bakuchiol-120x120.jpg 120w, https:\/\/bacanaskincare.com\/wp-content\/uploads\/2021\/04\/Serum-Bakuchiol-1000x1000.jpg 1000w, https:\/\/bacanaskincare.com\/wp-content\/uploads\/2021\/04\/Serum-Bakuchiol-100x100.jpg 100w, https:\/\/bacanaskincare.com\/wp-content\/uploads\/2021\/04\/Serum-Bakuchiol.jpg 1050w\" sizes=\"auto, (max-width: 300px) 100vw, 300px\" \/><\/a>\t<\/div><!-- .woo-entry-image-swap -->\r\n\r\n<\/li><li class=\"price-wrap\">\n\t<span class=\"price\"><span class=\"woocommerce-Price-amount amount\"><bdi><span class=\"woocommerce-Price-currencySymbol\">&euro;<\/span>36.00<\/bdi><\/span><\/span>\n<\/li><li class=\"rating\"><div class=\"star-rating\" role=\"img\" aria-label=\"Avalia\u00e7\u00e3o 4.92 de 5\"><span style=\"width:98.4%\">Avalia\u00e7\u00e3o <strong class=\"rating\">4.92<\/strong> de 5<\/span><\/div><\/li><li class=\"btn-wrap clr\"><a href=\"https:\/\/bacanaskincare.com\/pt-br\/product\/bakuchiol-oil-serum\/\" aria-describedby=\"woocommerce_loop_add_to_cart_link_describedby_19685\" data-quantity=\"1\" class=\"button product_type_variable add_to_cart_button\" data-product_id=\"19685\" data-product_sku=\"010721\" aria-label=\"Selecione as op\u00e7\u00f5es para &ldquo;Bio-Retinol Oil Serum (Bakuchiol)&rdquo;\" rel=\"nofollow\">Ver op\u00e7\u00f5es<\/a>\t<span id=\"woocommerce_loop_add_to_cart_link_describedby_19685\" class=\"screen-reader-text\">\n\t\tEste produto tem v\u00e1rias variantes. As op\u00e7\u00f5es podem ser escolhidas na p\u00e1gina do produto\t<\/span>\n<\/li><\/ul><\/div><!-- .product-inner .clr --><\/li>\n<li class=\"entry has-media has-rating has-product-nav col span_1_of_4 owp-content-center item-entry owp-thumbs-layout-horizontal owp-btn-normal owp-tabs-layout-horizontal circle-sale product type-product post-19386 status-publish instock product_cat-skin-care-pt-br has-post-thumbnail shipping-taxable purchasable product-type-simple\">\n\t<div class=\"product-inner clr\">\r\n\t<div class=\"woo-entry-image-swap woo-entry-image clr\">\r\n\t\t<a href=\"https:\/\/bacanaskincare.com\/pt-br\/product\/red-clay-face-mask\/\" class=\"woocommerce-LoopProduct-link\"><img loading=\"lazy\" decoding=\"async\" width=\"300\" height=\"300\" src=\"https:\/\/bacanaskincare.com\/wp-content\/uploads\/2020\/06\/red-clay-300x300.webp\" class=\"woo-entry-image-main\" alt=\"M\u00e1scara facial de argila vermelha da Bacana\" srcset=\"https:\/\/bacanaskincare.com\/wp-content\/uploads\/2020\/06\/red-clay-300x300.webp 300w, https:\/\/bacanaskincare.com\/wp-content\/uploads\/2020\/06\/red-clay-100x100.webp 100w, https:\/\/bacanaskincare.com\/wp-content\/uploads\/2020\/06\/red-clay-1000x1000.webp 1000w, https:\/\/bacanaskincare.com\/wp-content\/uploads\/2020\/06\/red-clay-600x600.webp 600w, https:\/\/bacanaskincare.com\/wp-content\/uploads\/2020\/06\/red-clay-768x768.webp 768w, https:\/\/bacanaskincare.com\/wp-content\/uploads\/2020\/06\/red-clay-120x120.webp 120w, https:\/\/bacanaskincare.com\/wp-content\/uploads\/2020\/06\/red-clay.webp 1024w\" sizes=\"auto, (max-width: 300px) 100vw, 300px\" \/><img loading=\"lazy\" decoding=\"async\" width=\"300\" height=\"300\" src=\"https:\/\/bacanaskincare.com\/wp-content\/uploads\/2020\/06\/red-clay-mask-application-e1601049740519-300x300.jpg\" class=\"woo-entry-image-secondary\" alt=\"M\u00e1scara facial de argila vermelha da Bacana\" srcset=\"https:\/\/bacanaskincare.com\/wp-content\/uploads\/2020\/06\/red-clay-mask-application-e1601049740519-300x300.jpg 300w, https:\/\/bacanaskincare.com\/wp-content\/uploads\/2020\/06\/red-clay-mask-application-e1601049740519-100x100.jpg 100w, https:\/\/bacanaskincare.com\/wp-content\/uploads\/2020\/06\/red-clay-mask-application-e1601049740519.jpg 600w\" sizes=\"auto, (max-width: 300px) 100vw, 300px\" \/><\/a>\t<\/div><!-- .woo-entry-image-swap -->\r\n\r\n<ul class=\"woo-entry-inner clr\"><li class=\"title\"><h2><a href=\"https:\/\/bacanaskincare.com\/pt-br\/product\/red-clay-face-mask\/\">M\u00e1scara facial de argila vermelha da Bacana<\/a><\/h2><\/li><li class=\"image-wrap\">\r\n\t<div class=\"woo-entry-image-swap woo-entry-image clr\">\r\n\t\t<a href=\"https:\/\/bacanaskincare.com\/pt-br\/product\/red-clay-face-mask\/\" class=\"woocommerce-LoopProduct-link\"><img loading=\"lazy\" decoding=\"async\" width=\"300\" height=\"300\" src=\"https:\/\/bacanaskincare.com\/wp-content\/uploads\/2020\/06\/red-clay-300x300.webp\" class=\"woo-entry-image-main\" alt=\"M\u00e1scara facial de argila vermelha da Bacana\" srcset=\"https:\/\/bacanaskincare.com\/wp-content\/uploads\/2020\/06\/red-clay-300x300.webp 300w, https:\/\/bacanaskincare.com\/wp-content\/uploads\/2020\/06\/red-clay-100x100.webp 100w, https:\/\/bacanaskincare.com\/wp-content\/uploads\/2020\/06\/red-clay-1000x1000.webp 1000w, https:\/\/bacanaskincare.com\/wp-content\/uploads\/2020\/06\/red-clay-600x600.webp 600w, https:\/\/bacanaskincare.com\/wp-content\/uploads\/2020\/06\/red-clay-768x768.webp 768w, https:\/\/bacanaskincare.com\/wp-content\/uploads\/2020\/06\/red-clay-120x120.webp 120w, https:\/\/bacanaskincare.com\/wp-content\/uploads\/2020\/06\/red-clay.webp 1024w\" sizes=\"auto, (max-width: 300px) 100vw, 300px\" \/><img loading=\"lazy\" decoding=\"async\" width=\"300\" height=\"300\" src=\"https:\/\/bacanaskincare.com\/wp-content\/uploads\/2020\/06\/red-clay-mask-application-e1601049740519-300x300.jpg\" class=\"woo-entry-image-secondary\" alt=\"M\u00e1scara facial de argila vermelha da Bacana\" srcset=\"https:\/\/bacanaskincare.com\/wp-content\/uploads\/2020\/06\/red-clay-mask-application-e1601049740519-300x300.jpg 300w, https:\/\/bacanaskincare.com\/wp-content\/uploads\/2020\/06\/red-clay-mask-application-e1601049740519-100x100.jpg 100w, https:\/\/bacanaskincare.com\/wp-content\/uploads\/2020\/06\/red-clay-mask-application-e1601049740519.jpg 600w\" sizes=\"auto, (max-width: 300px) 100vw, 300px\" \/><\/a>\t<\/div><!-- .woo-entry-image-swap -->\r\n\r\n<\/li><li class=\"price-wrap\">\n\t<span class=\"price\"><span class=\"woocommerce-Price-amount amount\"><bdi><span class=\"woocommerce-Price-currencySymbol\">&euro;<\/span>27.50<\/bdi><\/span><\/span>\n<\/li><li class=\"rating\"><div class=\"star-rating\" role=\"img\" aria-label=\"Avalia\u00e7\u00e3o 4.75 de 5\"><span style=\"width:95%\">Avalia\u00e7\u00e3o <strong class=\"rating\">4.75<\/strong> de 5<\/span><\/div><\/li><li class=\"btn-wrap clr\"><a href=\"\/pt-br\/wp-json\/wp\/v2\/posts\/19676?add-to-cart=19386\" aria-describedby=\"woocommerce_loop_add_to_cart_link_describedby_19386\" data-quantity=\"1\" class=\"button product_type_simple add_to_cart_button ajax_add_to_cart\" data-product_id=\"19386\" data-product_sku=\"010456\" aria-label=\"Adicione ao carrinho: &ldquo;M\u00e1scara facial de argila vermelha da Bacana&rdquo;\" rel=\"nofollow\" data-success_message=\"\u201cM\u00e1scara facial de argila vermelha da Bacana\u201d foi adicionado ao seu carrinho\" role=\"button\">Adicionar ao carrinho<\/a>\t<span id=\"woocommerce_loop_add_to_cart_link_describedby_19386\" class=\"screen-reader-text\">\n\t\t\t<\/span>\n<\/li><\/ul><\/div><!-- .product-inner .clr --><\/li>\n<li class=\"entry has-media has-rating has-product-nav col span_1_of_4 owp-content-center item-entry owp-thumbs-layout-horizontal owp-btn-normal owp-tabs-layout-horizontal has-no-thumbnails circle-sale product type-product post-19882 status-publish last instock product_cat-skin-care-pt-br has-post-thumbnail shipping-taxable purchasable product-type-variable has-default-attributes\">\n\t<div class=\"product-inner clr\">\r\n\t<div class=\"woo-entry-image clr\">\r\n\t\t<a href=\"https:\/\/bacanaskincare.com\/pt-br\/product\/anti-pigmentation-set\/\" class=\"woocommerce-LoopProduct-link\"><img loading=\"lazy\" decoding=\"async\" width=\"300\" height=\"300\" src=\"https:\/\/bacanaskincare.com\/wp-content\/uploads\/2021\/06\/Face-Ritual-Kit-300x300.jpg\" class=\"woo-entry-image-main\" alt=\"Anti-Pigmentation Set\" srcset=\"https:\/\/bacanaskincare.com\/wp-content\/uploads\/2021\/06\/Face-Ritual-Kit-300x300.jpg 300w, https:\/\/bacanaskincare.com\/wp-content\/uploads\/2021\/06\/Face-Ritual-Kit-600x600.jpg 600w, https:\/\/bacanaskincare.com\/wp-content\/uploads\/2021\/06\/Face-Ritual-Kit-1024x1024.jpg 1024w, https:\/\/bacanaskincare.com\/wp-content\/uploads\/2021\/06\/Face-Ritual-Kit-768x768.jpg 768w, https:\/\/bacanaskincare.com\/wp-content\/uploads\/2021\/06\/Face-Ritual-Kit-120x120.jpg 120w, https:\/\/bacanaskincare.com\/wp-content\/uploads\/2021\/06\/Face-Ritual-Kit-1000x1000.jpg 1000w, https:\/\/bacanaskincare.com\/wp-content\/uploads\/2021\/06\/Face-Ritual-Kit-100x100.jpg 100w, https:\/\/bacanaskincare.com\/wp-content\/uploads\/2021\/06\/Face-Ritual-Kit.jpg 1050w\" sizes=\"auto, (max-width: 300px) 100vw, 300px\" \/><\/a>\t<\/div><!-- .woo-entry-image -->\r\n\r\n<ul class=\"woo-entry-inner clr\"><li class=\"title\"><h2><a href=\"https:\/\/bacanaskincare.com\/pt-br\/product\/anti-pigmentation-set\/\">Anti-Pigmentation Set<\/a><\/h2><\/li><li class=\"image-wrap\">\r\n\t<div class=\"woo-entry-image clr\">\r\n\t\t<a href=\"https:\/\/bacanaskincare.com\/pt-br\/product\/anti-pigmentation-set\/\" class=\"woocommerce-LoopProduct-link\"><img loading=\"lazy\" decoding=\"async\" width=\"300\" height=\"300\" src=\"https:\/\/bacanaskincare.com\/wp-content\/uploads\/2021\/06\/Face-Ritual-Kit-300x300.jpg\" class=\"woo-entry-image-main\" alt=\"Anti-Pigmentation Set\" srcset=\"https:\/\/bacanaskincare.com\/wp-content\/uploads\/2021\/06\/Face-Ritual-Kit-300x300.jpg 300w, https:\/\/bacanaskincare.com\/wp-content\/uploads\/2021\/06\/Face-Ritual-Kit-600x600.jpg 600w, https:\/\/bacanaskincare.com\/wp-content\/uploads\/2021\/06\/Face-Ritual-Kit-1024x1024.jpg 1024w, https:\/\/bacanaskincare.com\/wp-content\/uploads\/2021\/06\/Face-Ritual-Kit-768x768.jpg 768w, https:\/\/bacanaskincare.com\/wp-content\/uploads\/2021\/06\/Face-Ritual-Kit-120x120.jpg 120w, https:\/\/bacanaskincare.com\/wp-content\/uploads\/2021\/06\/Face-Ritual-Kit-1000x1000.jpg 1000w, https:\/\/bacanaskincare.com\/wp-content\/uploads\/2021\/06\/Face-Ritual-Kit-100x100.jpg 100w, https:\/\/bacanaskincare.com\/wp-content\/uploads\/2021\/06\/Face-Ritual-Kit.jpg 1050w\" sizes=\"auto, (max-width: 300px) 100vw, 300px\" \/><\/a>\t<\/div><!-- .woo-entry-image -->\r\n\r\n<\/li><li class=\"price-wrap\">\n\t<span class=\"price\"><span class=\"woocommerce-Price-amount amount\"><bdi><span class=\"woocommerce-Price-currencySymbol\">&euro;<\/span>143.50<\/bdi><\/span><\/span>\n<\/li><li class=\"rating\"><div class=\"star-rating\" role=\"img\" aria-label=\"Avalia\u00e7\u00e3o 4.00 de 5\"><span style=\"width:80%\">Avalia\u00e7\u00e3o <strong class=\"rating\">4.00<\/strong> de 5<\/span><\/div><\/li><li class=\"btn-wrap clr\"><a href=\"https:\/\/bacanaskincare.com\/pt-br\/product\/anti-pigmentation-set\/\" aria-describedby=\"woocommerce_loop_add_to_cart_link_describedby_19882\" data-quantity=\"1\" class=\"button product_type_variable add_to_cart_button\" data-product_id=\"19882\" data-product_sku=\"0406211\" aria-label=\"Selecione as op\u00e7\u00f5es para &ldquo;Anti-Pigmentation Set&rdquo;\" rel=\"nofollow\">Ver op\u00e7\u00f5es<\/a>\t<span id=\"woocommerce_loop_add_to_cart_link_describedby_19882\" class=\"screen-reader-text\">\n\t\tEste produto tem v\u00e1rias variantes. As op\u00e7\u00f5es podem ser escolhidas na p\u00e1gina do produto\t<\/span>\n<\/li><\/ul><\/div><!-- .product-inner .clr --><\/li>\n<\/ul>\n<\/div>[\/vc_column_text][\/vc_column][\/vc_row]<\/p>\n<\/div>","protected":false},"excerpt":{"rendered":"<p>[vc_row][vc_column][vc_column_text] O que \u00e9 Melasma e como trat\u00e1-lo com cosm\u00e9ticos naturais? O melasma \u00e9 um dist\u00farbio caracterizado por uma hiperpigmenta\u00e7\u00e3o decorrente do aumento na deposi\u00e7\u00e3o de melanina &#8211; pigmento marrom que protege o DNA &#8211; e resulta no aparecimento de manchas escuras na pele. Ocorre mais frequentemente em \u00e1reas expostas \u00e0 luz ultravioleta, incluindo a [&hellip;]<\/p>\n","protected":false},"author":3,"featured_media":19540,"comment_status":"open","ping_status":"open","sticky":false,"template":"","format":"standard","meta":{"ocean_post_layout":"","ocean_both_sidebars_style":"","ocean_both_sidebars_content_width":0,"ocean_both_sidebars_sidebars_width":0,"ocean_sidebar":"0","ocean_second_sidebar":"0","ocean_disable_margins":"enable","ocean_add_body_class":"","ocean_shortcode_before_top_bar":"","ocean_shortcode_after_top_bar":"","ocean_shortcode_before_header":"","ocean_shortcode_after_header":"","ocean_has_shortcode":"","ocean_shortcode_after_title":"","ocean_shortcode_before_footer_widgets":"","ocean_shortcode_after_footer_widgets":"","ocean_shortcode_before_footer_bottom":"","ocean_shortcode_after_footer_bottom":"","ocean_display_top_bar":"default","ocean_display_header":"default","ocean_header_style":"","ocean_center_header_left_menu":"0","ocean_custom_header_template":"0","ocean_custom_logo":0,"ocean_custom_retina_logo":0,"ocean_custom_logo_max_width":0,"ocean_custom_logo_tablet_max_width":0,"ocean_custom_logo_mobile_max_width":0,"ocean_custom_logo_max_height":0,"ocean_custom_logo_tablet_max_height":0,"ocean_custom_logo_mobile_max_height":0,"ocean_header_custom_menu":"0","ocean_menu_typo_font_family":"0","ocean_menu_typo_font_subset":"","ocean_menu_typo_font_size":0,"ocean_menu_typo_font_size_tablet":0,"ocean_menu_typo_font_size_mobile":0,"ocean_menu_typo_font_size_unit":"px","ocean_menu_typo_font_weight":"","ocean_menu_typo_font_weight_tablet":"","ocean_menu_typo_font_weight_mobile":"","ocean_menu_typo_transform":"","ocean_menu_typo_transform_tablet":"","ocean_menu_typo_transform_mobile":"","ocean_menu_typo_line_height":0,"ocean_menu_typo_line_height_tablet":0,"ocean_menu_typo_line_height_mobile":0,"ocean_menu_typo_line_height_unit":"","ocean_menu_typo_spacing":0,"ocean_menu_typo_spacing_tablet":0,"ocean_menu_typo_spacing_mobile":0,"ocean_menu_typo_spacing_unit":"","ocean_menu_link_color":"","ocean_menu_link_color_hover":"","ocean_menu_link_color_active":"","ocean_menu_link_background":"","ocean_menu_link_hover_background":"","ocean_menu_link_active_background":"","ocean_menu_social_links_bg":"","ocean_menu_social_hover_links_bg":"","ocean_menu_social_links_color":"","ocean_menu_social_hover_links_color":"","ocean_disable_title":"default","ocean_disable_heading":"default","ocean_post_title":"","ocean_post_subheading":"","ocean_post_title_style":"","ocean_post_title_background_color":"","ocean_post_title_background":0,"ocean_post_title_bg_image_position":"","ocean_post_title_bg_image_attachment":"","ocean_post_title_bg_image_repeat":"","ocean_post_title_bg_image_size":"","ocean_post_title_height":0,"ocean_post_title_bg_overlay":0.5,"ocean_post_title_bg_overlay_color":"","ocean_disable_breadcrumbs":"default","ocean_breadcrumbs_color":"","ocean_breadcrumbs_separator_color":"","ocean_breadcrumbs_links_color":"","ocean_breadcrumbs_links_hover_color":"","ocean_display_footer_widgets":"default","ocean_display_footer_bottom":"default","ocean_custom_footer_template":"0","iawp_total_views":1,"ocean_post_oembed":"","ocean_post_self_hosted_media":"","ocean_post_video_embed":"","ocean_link_format":"","ocean_link_format_target":"self","ocean_quote_format":"","ocean_quote_format_link":"post","ocean_gallery_link_images":"off","ocean_gallery_id":[],"footnotes":""},"categories":[158,237],"tags":[],"class_list":["post-19676","post","type-post","status-publish","format-standard","has-post-thumbnail","hentry","category-health-and-wellness","category-saude-e-bem-estar","entry","has-media","owp-thumbs-layout-horizontal","owp-btn-normal","owp-tabs-layout-horizontal","has-no-thumbnails","has-product-nav","circle-sale"],"yoast_head":"<!-- This site is optimized with the Yoast SEO plugin v27.3 - https:\/\/yoast.com\/product\/yoast-seo-wordpress\/ -->\n<title>O que \u00e9 Melasma e como trat\u00e1-lo com cosm\u00e9ticos naturais?<\/title>\n<meta name=\"description\" content=\"Existem no mercado muitas op\u00e7\u00f5es eficazes de tratamento natural pro Melasma, mostraremos abaixo alguns comumente utilizados e ...\" \/>\n<meta name=\"robots\" content=\"index, follow, max-snippet:-1, max-image-preview:large, max-video-preview:-1\" \/>\n<link rel=\"canonical\" href=\"https:\/\/bacanaskincare.com\/pt-br\/como-tratar-melasma-com-cosmeticos-naturais\/\" \/>\n<meta property=\"og:locale\" content=\"pt_BR\" \/>\n<meta property=\"og:type\" content=\"article\" \/>\n<meta property=\"og:title\" content=\"O que \u00e9 Melasma e como trat\u00e1-lo com cosm\u00e9ticos naturais?\" \/>\n<meta property=\"og:description\" content=\"Existem no mercado muitas op\u00e7\u00f5es eficazes de tratamento natural pro Melasma, mostraremos abaixo alguns comumente utilizados e ...\" \/>\n<meta property=\"og:url\" content=\"https:\/\/bacanaskincare.com\/pt-br\/como-tratar-melasma-com-cosmeticos-naturais\/\" \/>\n<meta property=\"og:site_name\" content=\"Bacana Skincare\" \/>\n<meta property=\"article:publisher\" content=\"https:\/\/www.facebook.com\/bacanaskincare-106988470647315\/\" \/>\n<meta property=\"article:published_time\" content=\"2021-05-22T07:49:39+00:00\" \/>\n<meta property=\"article:modified_time\" content=\"2022-01-14T09:15:13+00:00\" \/>\n<meta property=\"og:image\" content=\"https:\/\/bacanaskincare.com\/wp-content\/uploads\/2020\/11\/melasma2.jpg\" \/>\n\t<meta property=\"og:image:width\" content=\"600\" \/>\n\t<meta property=\"og:image:height\" content=\"400\" \/>\n\t<meta property=\"og:image:type\" content=\"image\/jpeg\" \/>\n<meta name=\"author\" content=\"Fernanda Leit\u00e3o\" \/>\n<meta name=\"twitter:card\" content=\"summary_large_image\" \/>\n<meta name=\"twitter:label1\" content=\"Escrito por\" \/>\n\t<meta name=\"twitter:data1\" content=\"Fernanda Leit\u00e3o\" \/>\n\t<meta name=\"twitter:label2\" content=\"Est. tempo de leitura\" \/>\n\t<meta name=\"twitter:data2\" content=\"4 minutos\" \/>\n<script type=\"application\/ld+json\" class=\"yoast-schema-graph\">{\"@context\":\"https:\\\/\\\/schema.org\",\"@graph\":[{\"@type\":\"Article\",\"@id\":\"https:\\\/\\\/bacanaskincare.com\\\/pt-br\\\/como-tratar-melasma-com-cosmeticos-naturais\\\/#article\",\"isPartOf\":{\"@id\":\"https:\\\/\\\/bacanaskincare.com\\\/pt-br\\\/como-tratar-melasma-com-cosmeticos-naturais\\\/\"},\"author\":{\"name\":\"Fernanda Leit\u00e3o\",\"@id\":\"https:\\\/\\\/bacanaskincare.com\\\/pt-br\\\/#\\\/schema\\\/person\\\/588e51362ddac449df44688f446600c1\"},\"headline\":\"O que \u00e9 Melasma e como trat\u00e1-lo com cosm\u00e9ticos naturais?\",\"datePublished\":\"2021-05-22T07:49:39+00:00\",\"dateModified\":\"2022-01-14T09:15:13+00:00\",\"mainEntityOfPage\":{\"@id\":\"https:\\\/\\\/bacanaskincare.com\\\/pt-br\\\/como-tratar-melasma-com-cosmeticos-naturais\\\/\"},\"wordCount\":729,\"commentCount\":0,\"publisher\":{\"@id\":\"https:\\\/\\\/bacanaskincare.com\\\/pt-br\\\/#organization\"},\"image\":{\"@id\":\"https:\\\/\\\/bacanaskincare.com\\\/pt-br\\\/como-tratar-melasma-com-cosmeticos-naturais\\\/#primaryimage\"},\"thumbnailUrl\":\"https:\\\/\\\/bacanaskincare.com\\\/wp-content\\\/uploads\\\/2020\\\/11\\\/melasma2.jpg\",\"articleSection\":[\"Health and Wellness\",\"Sa\u00fade e bem estar\"],\"inLanguage\":\"pt-BR\",\"potentialAction\":[{\"@type\":\"CommentAction\",\"name\":\"Comment\",\"target\":[\"https:\\\/\\\/bacanaskincare.com\\\/pt-br\\\/como-tratar-melasma-com-cosmeticos-naturais\\\/#respond\"]}]},{\"@type\":\"WebPage\",\"@id\":\"https:\\\/\\\/bacanaskincare.com\\\/pt-br\\\/como-tratar-melasma-com-cosmeticos-naturais\\\/\",\"url\":\"https:\\\/\\\/bacanaskincare.com\\\/pt-br\\\/como-tratar-melasma-com-cosmeticos-naturais\\\/\",\"name\":\"O que \u00e9 Melasma e como trat\u00e1-lo com cosm\u00e9ticos naturais?\",\"isPartOf\":{\"@id\":\"https:\\\/\\\/bacanaskincare.com\\\/pt-br\\\/#website\"},\"primaryImageOfPage\":{\"@id\":\"https:\\\/\\\/bacanaskincare.com\\\/pt-br\\\/como-tratar-melasma-com-cosmeticos-naturais\\\/#primaryimage\"},\"image\":{\"@id\":\"https:\\\/\\\/bacanaskincare.com\\\/pt-br\\\/como-tratar-melasma-com-cosmeticos-naturais\\\/#primaryimage\"},\"thumbnailUrl\":\"https:\\\/\\\/bacanaskincare.com\\\/wp-content\\\/uploads\\\/2020\\\/11\\\/melasma2.jpg\",\"datePublished\":\"2021-05-22T07:49:39+00:00\",\"dateModified\":\"2022-01-14T09:15:13+00:00\",\"description\":\"Existem no mercado muitas op\u00e7\u00f5es eficazes de tratamento natural pro Melasma, mostraremos abaixo alguns comumente utilizados e ...\",\"inLanguage\":\"pt-BR\",\"potentialAction\":[{\"@type\":\"ReadAction\",\"target\":[\"https:\\\/\\\/bacanaskincare.com\\\/pt-br\\\/como-tratar-melasma-com-cosmeticos-naturais\\\/\"]}]},{\"@type\":\"ImageObject\",\"inLanguage\":\"pt-BR\",\"@id\":\"https:\\\/\\\/bacanaskincare.com\\\/pt-br\\\/como-tratar-melasma-com-cosmeticos-naturais\\\/#primaryimage\",\"url\":\"https:\\\/\\\/bacanaskincare.com\\\/wp-content\\\/uploads\\\/2020\\\/11\\\/melasma2.jpg\",\"contentUrl\":\"https:\\\/\\\/bacanaskincare.com\\\/wp-content\\\/uploads\\\/2020\\\/11\\\/melasma2.jpg\",\"width\":600,\"height\":400},{\"@type\":\"WebSite\",\"@id\":\"https:\\\/\\\/bacanaskincare.com\\\/pt-br\\\/#website\",\"url\":\"https:\\\/\\\/bacanaskincare.com\\\/pt-br\\\/\",\"name\":\"Bacana Skincare\",\"description\":\"Natural skincare powered by tropical superfruits\",\"publisher\":{\"@id\":\"https:\\\/\\\/bacanaskincare.com\\\/pt-br\\\/#organization\"},\"potentialAction\":[{\"@type\":\"SearchAction\",\"target\":{\"@type\":\"EntryPoint\",\"urlTemplate\":\"https:\\\/\\\/bacanaskincare.com\\\/pt-br\\\/?s={search_term_string}\"},\"query-input\":{\"@type\":\"PropertyValueSpecification\",\"valueRequired\":true,\"valueName\":\"search_term_string\"}}],\"inLanguage\":\"pt-BR\"},{\"@type\":\"Organization\",\"@id\":\"https:\\\/\\\/bacanaskincare.com\\\/pt-br\\\/#organization\",\"name\":\"Bacana Skincare\",\"url\":\"https:\\\/\\\/bacanaskincare.com\\\/pt-br\\\/\",\"logo\":{\"@type\":\"ImageObject\",\"inLanguage\":\"pt-BR\",\"@id\":\"https:\\\/\\\/bacanaskincare.com\\\/pt-br\\\/#\\\/schema\\\/logo\\\/image\\\/\",\"url\":\"https:\\\/\\\/bacanaskincare.com\\\/wp-content\\\/uploads\\\/2019\\\/09\\\/u.png\",\"contentUrl\":\"https:\\\/\\\/bacanaskincare.com\\\/wp-content\\\/uploads\\\/2019\\\/09\\\/u.png\",\"width\":834,\"height\":226,\"caption\":\"Bacana Skincare\"},\"image\":{\"@id\":\"https:\\\/\\\/bacanaskincare.com\\\/pt-br\\\/#\\\/schema\\\/logo\\\/image\\\/\"},\"sameAs\":[\"https:\\\/\\\/www.facebook.com\\\/bacanaskincare-106988470647315\\\/\",\"https:\\\/\\\/www.instagram.com\\\/bacanaskincare\\\/?hl=en\",\"https:\\\/\\\/br.pinterest.com\\\/d0fd9db15f94c64465fab43d03b69a\\\/\"]},{\"@type\":\"Person\",\"@id\":\"https:\\\/\\\/bacanaskincare.com\\\/pt-br\\\/#\\\/schema\\\/person\\\/588e51362ddac449df44688f446600c1\",\"name\":\"Fernanda Leit\u00e3o\",\"image\":{\"@type\":\"ImageObject\",\"inLanguage\":\"pt-BR\",\"@id\":\"https:\\\/\\\/secure.gravatar.com\\\/avatar\\\/538020bdb4ad00427d7fb082230b66e6742b8928bf597eb936815d555790e301?s=96&d=blank&r=g\",\"url\":\"https:\\\/\\\/secure.gravatar.com\\\/avatar\\\/538020bdb4ad00427d7fb082230b66e6742b8928bf597eb936815d555790e301?s=96&d=blank&r=g\",\"contentUrl\":\"https:\\\/\\\/secure.gravatar.com\\\/avatar\\\/538020bdb4ad00427d7fb082230b66e6742b8928bf597eb936815d555790e301?s=96&d=blank&r=g\",\"caption\":\"Fernanda Leit\u00e3o\"},\"sameAs\":[\"http:\\\/\\\/bacanaskincare.com\"]}]}<\/script>\n<!-- \/ Yoast SEO plugin. -->","yoast_head_json":{"title":"O que \u00e9 Melasma e como trat\u00e1-lo com cosm\u00e9ticos naturais?","description":"Existem no mercado muitas op\u00e7\u00f5es eficazes de tratamento natural pro Melasma, mostraremos abaixo alguns comumente utilizados e ...","robots":{"index":"index","follow":"follow","max-snippet":"max-snippet:-1","max-image-preview":"max-image-preview:large","max-video-preview":"max-video-preview:-1"},"canonical":"https:\/\/bacanaskincare.com\/pt-br\/como-tratar-melasma-com-cosmeticos-naturais\/","og_locale":"pt_BR","og_type":"article","og_title":"O que \u00e9 Melasma e como trat\u00e1-lo com cosm\u00e9ticos naturais?","og_description":"Existem no mercado muitas op\u00e7\u00f5es eficazes de tratamento natural pro Melasma, mostraremos abaixo alguns comumente utilizados e ...","og_url":"https:\/\/bacanaskincare.com\/pt-br\/como-tratar-melasma-com-cosmeticos-naturais\/","og_site_name":"Bacana Skincare","article_publisher":"https:\/\/www.facebook.com\/bacanaskincare-106988470647315\/","article_published_time":"2021-05-22T07:49:39+00:00","article_modified_time":"2022-01-14T09:15:13+00:00","og_image":[{"width":600,"height":400,"url":"https:\/\/bacanaskincare.com\/wp-content\/uploads\/2020\/11\/melasma2.jpg","type":"image\/jpeg"}],"author":"Fernanda Leit\u00e3o","twitter_card":"summary_large_image","twitter_misc":{"Escrito por":"Fernanda Leit\u00e3o","Est. tempo de leitura":"4 minutos"},"schema":{"@context":"https:\/\/schema.org","@graph":[{"@type":"Article","@id":"https:\/\/bacanaskincare.com\/pt-br\/como-tratar-melasma-com-cosmeticos-naturais\/#article","isPartOf":{"@id":"https:\/\/bacanaskincare.com\/pt-br\/como-tratar-melasma-com-cosmeticos-naturais\/"},"author":{"name":"Fernanda Leit\u00e3o","@id":"https:\/\/bacanaskincare.com\/pt-br\/#\/schema\/person\/588e51362ddac449df44688f446600c1"},"headline":"O que \u00e9 Melasma e como trat\u00e1-lo com cosm\u00e9ticos naturais?","datePublished":"2021-05-22T07:49:39+00:00","dateModified":"2022-01-14T09:15:13+00:00","mainEntityOfPage":{"@id":"https:\/\/bacanaskincare.com\/pt-br\/como-tratar-melasma-com-cosmeticos-naturais\/"},"wordCount":729,"commentCount":0,"publisher":{"@id":"https:\/\/bacanaskincare.com\/pt-br\/#organization"},"image":{"@id":"https:\/\/bacanaskincare.com\/pt-br\/como-tratar-melasma-com-cosmeticos-naturais\/#primaryimage"},"thumbnailUrl":"https:\/\/bacanaskincare.com\/wp-content\/uploads\/2020\/11\/melasma2.jpg","articleSection":["Health and Wellness","Sa\u00fade e bem estar"],"inLanguage":"pt-BR","potentialAction":[{"@type":"CommentAction","name":"Comment","target":["https:\/\/bacanaskincare.com\/pt-br\/como-tratar-melasma-com-cosmeticos-naturais\/#respond"]}]},{"@type":"WebPage","@id":"https:\/\/bacanaskincare.com\/pt-br\/como-tratar-melasma-com-cosmeticos-naturais\/","url":"https:\/\/bacanaskincare.com\/pt-br\/como-tratar-melasma-com-cosmeticos-naturais\/","name":"O que \u00e9 Melasma e como trat\u00e1-lo com cosm\u00e9ticos naturais?","isPartOf":{"@id":"https:\/\/bacanaskincare.com\/pt-br\/#website"},"primaryImageOfPage":{"@id":"https:\/\/bacanaskincare.com\/pt-br\/como-tratar-melasma-com-cosmeticos-naturais\/#primaryimage"},"image":{"@id":"https:\/\/bacanaskincare.com\/pt-br\/como-tratar-melasma-com-cosmeticos-naturais\/#primaryimage"},"thumbnailUrl":"https:\/\/bacanaskincare.com\/wp-content\/uploads\/2020\/11\/melasma2.jpg","datePublished":"2021-05-22T07:49:39+00:00","dateModified":"2022-01-14T09:15:13+00:00","description":"Existem no mercado muitas op\u00e7\u00f5es eficazes de tratamento natural pro Melasma, mostraremos abaixo alguns comumente utilizados e ...","inLanguage":"pt-BR","potentialAction":[{"@type":"ReadAction","target":["https:\/\/bacanaskincare.com\/pt-br\/como-tratar-melasma-com-cosmeticos-naturais\/"]}]},{"@type":"ImageObject","inLanguage":"pt-BR","@id":"https:\/\/bacanaskincare.com\/pt-br\/como-tratar-melasma-com-cosmeticos-naturais\/#primaryimage","url":"https:\/\/bacanaskincare.com\/wp-content\/uploads\/2020\/11\/melasma2.jpg","contentUrl":"https:\/\/bacanaskincare.com\/wp-content\/uploads\/2020\/11\/melasma2.jpg","width":600,"height":400},{"@type":"WebSite","@id":"https:\/\/bacanaskincare.com\/pt-br\/#website","url":"https:\/\/bacanaskincare.com\/pt-br\/","name":"Bacana Skincare","description":"Natural skincare powered by tropical superfruits","publisher":{"@id":"https:\/\/bacanaskincare.com\/pt-br\/#organization"},"potentialAction":[{"@type":"SearchAction","target":{"@type":"EntryPoint","urlTemplate":"https:\/\/bacanaskincare.com\/pt-br\/?s={search_term_string}"},"query-input":{"@type":"PropertyValueSpecification","valueRequired":true,"valueName":"search_term_string"}}],"inLanguage":"pt-BR"},{"@type":"Organization","@id":"https:\/\/bacanaskincare.com\/pt-br\/#organization","name":"Bacana Skincare","url":"https:\/\/bacanaskincare.com\/pt-br\/","logo":{"@type":"ImageObject","inLanguage":"pt-BR","@id":"https:\/\/bacanaskincare.com\/pt-br\/#\/schema\/logo\/image\/","url":"https:\/\/bacanaskincare.com\/wp-content\/uploads\/2019\/09\/u.png","contentUrl":"https:\/\/bacanaskincare.com\/wp-content\/uploads\/2019\/09\/u.png","width":834,"height":226,"caption":"Bacana Skincare"},"image":{"@id":"https:\/\/bacanaskincare.com\/pt-br\/#\/schema\/logo\/image\/"},"sameAs":["https:\/\/www.facebook.com\/bacanaskincare-106988470647315\/","https:\/\/www.instagram.com\/bacanaskincare\/?hl=en","https:\/\/br.pinterest.com\/d0fd9db15f94c64465fab43d03b69a\/"]},{"@type":"Person","@id":"https:\/\/bacanaskincare.com\/pt-br\/#\/schema\/person\/588e51362ddac449df44688f446600c1","name":"Fernanda Leit\u00e3o","image":{"@type":"ImageObject","inLanguage":"pt-BR","@id":"https:\/\/secure.gravatar.com\/avatar\/538020bdb4ad00427d7fb082230b66e6742b8928bf597eb936815d555790e301?s=96&d=blank&r=g","url":"https:\/\/secure.gravatar.com\/avatar\/538020bdb4ad00427d7fb082230b66e6742b8928bf597eb936815d555790e301?s=96&d=blank&r=g","contentUrl":"https:\/\/secure.gravatar.com\/avatar\/538020bdb4ad00427d7fb082230b66e6742b8928bf597eb936815d555790e301?s=96&d=blank&r=g","caption":"Fernanda Leit\u00e3o"},"sameAs":["http:\/\/bacanaskincare.com"]}]}},"_links":{"self":[{"href":"https:\/\/bacanaskincare.com\/pt-br\/wp-json\/wp\/v2\/posts\/19676","targetHints":{"allow":["GET"]}}],"collection":[{"href":"https:\/\/bacanaskincare.com\/pt-br\/wp-json\/wp\/v2\/posts"}],"about":[{"href":"https:\/\/bacanaskincare.com\/pt-br\/wp-json\/wp\/v2\/types\/post"}],"author":[{"embeddable":true,"href":"https:\/\/bacanaskincare.com\/pt-br\/wp-json\/wp\/v2\/users\/3"}],"replies":[{"embeddable":true,"href":"https:\/\/bacanaskincare.com\/pt-br\/wp-json\/wp\/v2\/comments?post=19676"}],"version-history":[{"count":0,"href":"https:\/\/bacanaskincare.com\/pt-br\/wp-json\/wp\/v2\/posts\/19676\/revisions"}],"wp:featuredmedia":[{"embeddable":true,"href":"https:\/\/bacanaskincare.com\/pt-br\/wp-json\/wp\/v2\/media\/19540"}],"wp:attachment":[{"href":"https:\/\/bacanaskincare.com\/pt-br\/wp-json\/wp\/v2\/media?parent=19676"}],"wp:term":[{"taxonomy":"category","embeddable":true,"href":"https:\/\/bacanaskincare.com\/pt-br\/wp-json\/wp\/v2\/categories?post=19676"},{"taxonomy":"post_tag","embeddable":true,"href":"https:\/\/bacanaskincare.com\/pt-br\/wp-json\/wp\/v2\/tags?post=19676"}],"curies":[{"name":"wp","href":"https:\/\/api.w.org\/{rel}","templated":true}]}}