{"id":19646,"date":"2021-05-19T15:57:29","date_gmt":"2021-05-19T13:57:29","guid":{"rendered":"http:\/\/bacanaskincare.com\/?p=19646"},"modified":"2021-05-22T21:41:02","modified_gmt":"2021-05-22T19:41:02","slug":"como-tratar-a-acne-com-produtos-naturais","status":"publish","type":"post","link":"https:\/\/bacanaskincare.com\/pt-br\/como-tratar-a-acne-com-produtos-naturais\/","title":{"rendered":"Como tratar acne com produtos naturais"},"content":{"rendered":"<h2>O que \u00e9 acne?<\/h2>\n<p>Como tratar acne com produtos naturais A acne \u00e9 a doen\u00e7a de pele mais comum vista pelos m\u00e9dicos, uma condi\u00e7\u00e3o que afeta cerca de 80% dos adolescentes no mundo e persiste em at\u00e9 30% da popula\u00e7\u00e3o adulta. Ocorre quando os poros ficam obstru\u00eddos por c\u00e9lulas mortas, resultando em ac\u00famulo de sebo, uma subst\u00e2ncia oleosa produzida pelas gl\u00e2ndulas seb\u00e1ceas.<\/p>\n<p>O termo acne \u00e9 usado para descrever cravos e espinhas (aqui pode incluir os termos em ingl\u00eas blackhead, whitehead, cysts and pimples) que geralmente aparecem no rosto e pesco\u00e7o mas tamb\u00e9m podem afetar o colo, costas, ombros e bra\u00e7os.<\/p>\n<p><img loading=\"lazy\" decoding=\"async\" class=\"wp-image-19601 size-full aligncenter\" title=\"como tratar acne com produtos naturais\" src=\"http:\/\/bacanaskincare.com\/wp-content\/uploads\/2020\/12\/how-treat-acne-with-naturals-3-2.jpg\" alt=\"\" width=\"600\" height=\"400\" \/><\/p>\n<h2>O que causa acne?<\/h2>\n<p>V\u00e1rios fatores est\u00e3o envolvidos no aparecimento da acne, mas o principal \u00e9 o crescimento acelerado do Cutibacterium acnes (C. acnes), bact\u00e9ria naturalmente presente na pele, que pode contribuir para o bloqueio dos poros e causar inflama\u00e7\u00e3o. Essa inflama\u00e7\u00e3o pode ser vista atrav\u00e9s de vermelhid\u00e3o, incha\u00e7o, pus e acne spots, levando ao surgimento das espinhas.<\/p>\n<p>A hereditariedade gen\u00e9tica \u00e9 outro fator que determina quem pode ter acne e com que gravidade. Se seus pais, av\u00f3s ou ambos tiveram acne, voc\u00ea tem maior probabilidade de desenvolver acne tamb\u00e9m.<\/p>\n<h2>Como tratar acne com produtos naturais<\/h2>\n<p>O tratamento da acne tem como objetivo reduzir a inflama\u00e7\u00e3o, manter a \u00e1rea afetada limpa, reduzir a presen\u00e7a de bact\u00e9rias nos poros e regular a produ\u00e7\u00e3o de sebo. Para isso, algumas alternativas naturais s\u00e3o muito utilizadas. Veja abaixo algumas op\u00e7\u00f5es reconhecidamente eficazes.<\/p>\n<p><span style=\"text-decoration: underline;\">\u00d3leo de copa\u00edba<\/span><br \/>\nEste \u00f3leo possui potente atividade anti-inflamat\u00f3ria, cicatrizante e antibacteriana. O uso t\u00f3pico desse \u00f3leo atenua a inflama\u00e7\u00e3o local, auxilia na cicatriza\u00e7\u00e3o e ajuda a diminuir a concentra\u00e7\u00e3o bacteriana.<\/p>\n<p><span style=\"text-decoration: underline;\">\u00d3leo essencial de Tea Tree<\/span><br \/>\nO \u00f3leo de melaleuca \u00e9 muito conhecido por suas propriedades anti-inflamat\u00f3ria e antiss\u00e9pticas, sendo por isso ideal no combate \u00e0 bact\u00e9ria respons\u00e1vel pela inflama\u00e7\u00e3o causada pela acne.<\/p>\n<p><span style=\"text-decoration: underline;\">\u00d3leo de Moringa<\/span><br \/>\nEsse \u00f3leo possui muitos nutrientes importantes al\u00e9m auxiliar no controle da oleosidade. \u00c9 fonte de ativos antioxidantes, que ir\u00e3o proteger contra poluentes e limpar, melhorando assim a apar\u00eancia geral da pele.<\/p>\n<p><span style=\"text-decoration: underline;\">Zinco PCA<\/span><br \/>\n\u00c9 um derivado vegetal que atua na regula\u00e7\u00e3o da produ\u00e7\u00e3o de sebo e no combate a bact\u00e9ria causadora da acne, contribuindo para o controle microbiano. Tamb\u00e9m auxilia na hidrata\u00e7\u00e3o da pele.<\/p>\n<p><span style=\"text-decoration: underline;\">\u00d3leo de jojoba<\/span><br \/>\nEsse poderoso \u00f3leo ajuda a regular naturalmente a oleosidade da pele. \u00c9 indicado no tratamento da acne devido sua a\u00e7\u00e3o cicatrizante e anti-inflamat\u00f3ria. Rico em vitamina E, o que confere a\u00e7\u00e3o antioxidante importante.<\/p>\n<p><span style=\"text-decoration: underline;\">Argila Verde<\/span><br \/>\nEla possui uma s\u00e9rie de elementos em sua composi\u00e7\u00e3o, como o sil\u00edcio, c\u00e1lcio, magn\u00e9sio, zinco, pot\u00e1ssio e o ferro que ajudam a regular a produ\u00e7\u00e3o de sebo, al\u00e9m de proporcionar uma poderosa a\u00e7\u00e3o antioxidante.<\/p>\n<p><span style=\"text-decoration: underline;\">Vitamina B3<\/span><br \/>\nEstudos relatam os benef\u00edcios da vitamina B3 t\u00f3pica para a cura da acne e regenera\u00e7\u00e3o da pele. A vitamina B3 demonstrou reduzir a inflama\u00e7\u00e3o em v\u00e1rios estudos cient\u00edficos. 4% da lo\u00e7\u00e3o de nicotinamida (vitamina B3) reduz a acne em 60% em compara\u00e7\u00e3o a apenas 43% de melhora nos indiv\u00edduos que usaram um gel antibi\u00f3tico a 1% (clindamicina).<\/p>\n<p><img loading=\"lazy\" decoding=\"async\" class=\"aligncenter wp-image-19648 size-full\" title=\"tratar acne com produto natural \u00e9 poss\u00edvel\" src=\"http:\/\/bacanaskincare.com\/wp-content\/uploads\/2020\/12\/acne-natural-treatment.jpg\" alt=\"\" width=\"400\" height=\"600\" \/><\/p>\n<p>&nbsp;<\/p>\n<h2>Acne ou apenas &#8220;Breakout<\/h2>\n<p>Ao iniciar uma nova rotina de cuidados com a pele, voc\u00ea pode sentir erup\u00e7\u00f5es cut\u00e2neas ou irrita\u00e7\u00e3o nos primeiros dias de uso do produto. \u00c9 normal que a acne possa piorar nas primeiras 1-2 semanas de tratamento antes de melhorar. Ap\u00f3s 2 a 4 semanas, sua pele deve estar acostumada ao produto e voc\u00ea deve ser capaz de aplic\u00e1-lo e deix\u00e1-lo o dia todo \/ noite sem irrita\u00e7\u00e3o significativa. Qualquer irrita\u00e7\u00e3o da pele devido ao tratamento deve diminuir ap\u00f3s alguns dias de uso, por isso \u00e9 importante us\u00e1-lo corretamente e continuar pelo tempo recomendado.<\/p>\n<h2>Quem \u00e9 propenso a ter acnes?<\/h2>\n<p>A acne pode acometer a todas as pessoas independente de sexo e idade. A maioria dos adolescentes \u00e9 afetada pela acne em algum grau. Isso ocorre porque o aumento de horm\u00f4nios que ocorre na puberdade parece acelerar a acne. A acne geralmente come\u00e7a na puberdade devido a altera\u00e7\u00f5es hormonais e dura cerca de cinco anos embora possa continuar na vida adulta.<br \/>\nA maioria das mulheres continuar\u00e3o a ter epis\u00f3dios de acne ap\u00f3s os 40 anos, dependendo principalmente de fatores hormonais durante o per\u00edodo menstrual, gravidez ou menopausa, de forma leve ou mais severa.<\/p>\n<h2>Como prevenir a acne?<\/h2>\n<p>H\u00e1 v\u00e1rias a\u00e7\u00f5es que podemos adotar na nossa rotina para atenuar o aparecimento da acne e evitar a piora do quadro:<\/p>\n<ul>\n<li>Lavar o rosto 1 a 2 vezes por dia;<\/li>\n<li>Sempre retire a maquiagem do rosto ap\u00f3s o uso e lave os pinc\u00e9is;<\/li>\n<li>Priorize o uso de produtos oil-free e n\u00e3o comedog\u00eanicos que cont\u00e9m ingredientes que ir\u00e3o evitar clog pores;<\/li>\n<li>Use um protetor solar adequado ao seu tipo de pele;<\/li>\n<li>Use preferencialmente produtos com ingredientes naturais com a\u00e7\u00e3o comprovadamente eficaz;<\/li>\n<li>N\u00e3o mexa nem esprema as espinhas, isso pode inflamar mais a regi\u00e3o a agravar o quadro de acne.<\/li>\n<\/ul>\n<p>Se n\u00e3o tratada, os pequenos spots podem evoluir para blackheads, whiteheads e painful pimples que podem causar manchas permanentes na pele.<\/p>\n<h2>Como tratar a acne com os produtos naturais da Bacana Skincare?<\/h2>\n<p>Na incr\u00edvel <a href=\"https:\/\/bacanaskincare.com\/pt-br\/?attachment_id=19284\">M\u00e1scara Facial de Argila Verde<\/a> podemos encontrar alguns ingredientes que ajudam no tratamento e na preven\u00e7\u00e3o da erup\u00e7\u00e3o como os \u00f3leos de jojoba, copa\u00edba, moringa e Tea Tree. Al\u00e9m disso, a argila verde brasileira e o zinco PCA tamb\u00e9m ajudam a purificar e desintoxicar a pele removendo o excesso de sebo sem ressecar a pele.<\/p>\n<p>Para limpeza do rosto a Bacana lan\u00e7ou o <a href=\"https:\/\/bacanaskincare.com\/pt-br\/shop\/cleansing-cream-face-wash\/\">Cleansing Cream Face Wash<\/a>, a delightful foaming cream that will gently remove the impurities, light makeup leaving the face clean, soft and moisturized.<\/p>\n<p>O <a href=\"https:\/\/bacanaskincare.com\/pt-br\/shop\/serenity-vitamin-mist-toner\/\">Serenity Vitamin Mist Toner<\/a> \u00e9 um Mist Toner sem \u00e1lcool que mistura Niacinamida (Vitamina B3), \u00c1gua de Coco, Pantenol (Vitamina B5) para ajudar a acalmar, purificar e hidratar a pele.<\/p>\n<h2><strong>Fontes<\/strong><\/h2>\n<p><a href=\"https:\/\/cmr.asm.org\/content\/19\/1\/50.full\"><span style=\"font-weight: 400;\">https:\/\/cmr.asm.org\/content\/19\/1\/50.full<\/span><\/a><br \/>\n<a href=\"https:\/\/www.scielo.br\/scielo.php?script=sci_arttext&amp;pid=S1516-05722009000400016\"><span style=\"font-weight: 400;\">https:\/\/www.scielo.br\/scielo.php?script=sci_arttext&amp;pid=S1516-05722009000400016<\/span><\/a><br \/>\n<a href=\"https:\/\/www.researchgate.net\/publication\/260210731_Effect_of_Moringa_oleifera_on_undesireble_skin_sebum_secretions_of_sebaceous_glands_observed_during_winter_season_in_humans\"><span style=\"font-weight: 400;\">https:\/\/www.researchgate.net\/publication\/260210731_Effect_of_Moringa_oleifera_on_undesireble_skin_sebum_secretions_of_sebaceous_glands_observed_during_winter_season_in_humans<\/span><\/a><br \/>\n<a href=\"https:\/\/pubmed.ncbi.nlm.nih.gov\/7657446\/\">https:\/\/pubmed.ncbi.nlm.nih.gov\/7657446\/<\/a><\/p>\n<p>&nbsp;<\/p>\n<div class=\"woocommerce columns-3 \">\r\n<ul class=\"products oceanwp-row clr grid tablet-col tablet-2-col mobile-col mobile-2-col infinite-scroll-wrap\">\r\n<li class=\"entry has-media has-rating has-product-nav col span_1_of_3 owp-content-center item-entry owp-thumbs-layout-horizontal owp-btn-normal owp-tabs-layout-horizontal circle-sale product type-product post-19355 status-publish first instock product_cat-skin-care-pt-br has-post-thumbnail shipping-taxable purchasable product-type-simple\">\n\t<div class=\"product-inner clr\">\r\n\t<div class=\"woo-entry-image-swap woo-entry-image clr\">\r\n\t\t<a href=\"https:\/\/bacanaskincare.com\/pt-br\/product\/cleansing-cream-face-wash\/\" class=\"woocommerce-LoopProduct-link\"><img loading=\"lazy\" decoding=\"async\" width=\"300\" height=\"300\" src=\"https:\/\/bacanaskincare.com\/wp-content\/uploads\/2020\/11\/Gentle-Cleanser-1-1-300x300.jpg\" class=\"woo-entry-image-main\" alt=\"Sabonete Facial Suave\" srcset=\"https:\/\/bacanaskincare.com\/wp-content\/uploads\/2020\/11\/Gentle-Cleanser-1-1-300x300.jpg 300w, https:\/\/bacanaskincare.com\/wp-content\/uploads\/2020\/11\/Gentle-Cleanser-1-1-600x600.jpg 600w, https:\/\/bacanaskincare.com\/wp-content\/uploads\/2020\/11\/Gentle-Cleanser-1-1-1024x1024.jpg 1024w, https:\/\/bacanaskincare.com\/wp-content\/uploads\/2020\/11\/Gentle-Cleanser-1-1-768x768.jpg 768w, https:\/\/bacanaskincare.com\/wp-content\/uploads\/2020\/11\/Gentle-Cleanser-1-1-120x120.jpg 120w, https:\/\/bacanaskincare.com\/wp-content\/uploads\/2020\/11\/Gentle-Cleanser-1-1-1000x1000.jpg 1000w, https:\/\/bacanaskincare.com\/wp-content\/uploads\/2020\/11\/Gentle-Cleanser-1-1-100x100.jpg 100w, https:\/\/bacanaskincare.com\/wp-content\/uploads\/2020\/11\/Gentle-Cleanser-1-1.jpg 1050w\" sizes=\"auto, (max-width: 300px) 100vw, 300px\" \/><img loading=\"lazy\" decoding=\"async\" width=\"300\" height=\"300\" src=\"https:\/\/bacanaskincare.com\/wp-content\/uploads\/2020\/11\/Texture-Cleansing-300x300.jpg\" class=\"woo-entry-image-secondary\" alt=\"Sabonete Facial Suave\" srcset=\"https:\/\/bacanaskincare.com\/wp-content\/uploads\/2020\/11\/Texture-Cleansing-300x300.jpg 300w, https:\/\/bacanaskincare.com\/wp-content\/uploads\/2020\/11\/Texture-Cleansing-600x600.jpg 600w, https:\/\/bacanaskincare.com\/wp-content\/uploads\/2020\/11\/Texture-Cleansing-1024x1024.jpg 1024w, https:\/\/bacanaskincare.com\/wp-content\/uploads\/2020\/11\/Texture-Cleansing-768x768.jpg 768w, https:\/\/bacanaskincare.com\/wp-content\/uploads\/2020\/11\/Texture-Cleansing-120x120.jpg 120w, https:\/\/bacanaskincare.com\/wp-content\/uploads\/2020\/11\/Texture-Cleansing-1000x1000.jpg 1000w, https:\/\/bacanaskincare.com\/wp-content\/uploads\/2020\/11\/Texture-Cleansing-100x100.jpg 100w, https:\/\/bacanaskincare.com\/wp-content\/uploads\/2020\/11\/Texture-Cleansing.jpg 1080w\" sizes=\"auto, (max-width: 300px) 100vw, 300px\" \/><\/a>\t<\/div><!-- .woo-entry-image-swap -->\r\n\r\n<ul class=\"woo-entry-inner clr\"><li class=\"title\"><h2><a href=\"https:\/\/bacanaskincare.com\/pt-br\/product\/cleansing-cream-face-wash\/\">Sabonete Facial Suave<\/a><\/h2><\/li><li class=\"image-wrap\">\r\n\t<div class=\"woo-entry-image-swap woo-entry-image clr\">\r\n\t\t<a href=\"https:\/\/bacanaskincare.com\/pt-br\/product\/cleansing-cream-face-wash\/\" class=\"woocommerce-LoopProduct-link\"><img loading=\"lazy\" decoding=\"async\" width=\"300\" height=\"300\" src=\"https:\/\/bacanaskincare.com\/wp-content\/uploads\/2020\/11\/Gentle-Cleanser-1-1-300x300.jpg\" class=\"woo-entry-image-main\" alt=\"Sabonete Facial Suave\" srcset=\"https:\/\/bacanaskincare.com\/wp-content\/uploads\/2020\/11\/Gentle-Cleanser-1-1-300x300.jpg 300w, https:\/\/bacanaskincare.com\/wp-content\/uploads\/2020\/11\/Gentle-Cleanser-1-1-600x600.jpg 600w, https:\/\/bacanaskincare.com\/wp-content\/uploads\/2020\/11\/Gentle-Cleanser-1-1-1024x1024.jpg 1024w, https:\/\/bacanaskincare.com\/wp-content\/uploads\/2020\/11\/Gentle-Cleanser-1-1-768x768.jpg 768w, https:\/\/bacanaskincare.com\/wp-content\/uploads\/2020\/11\/Gentle-Cleanser-1-1-120x120.jpg 120w, https:\/\/bacanaskincare.com\/wp-content\/uploads\/2020\/11\/Gentle-Cleanser-1-1-1000x1000.jpg 1000w, https:\/\/bacanaskincare.com\/wp-content\/uploads\/2020\/11\/Gentle-Cleanser-1-1-100x100.jpg 100w, https:\/\/bacanaskincare.com\/wp-content\/uploads\/2020\/11\/Gentle-Cleanser-1-1.jpg 1050w\" sizes=\"auto, (max-width: 300px) 100vw, 300px\" \/><img loading=\"lazy\" decoding=\"async\" width=\"300\" height=\"300\" src=\"https:\/\/bacanaskincare.com\/wp-content\/uploads\/2020\/11\/Texture-Cleansing-300x300.jpg\" class=\"woo-entry-image-secondary\" alt=\"Sabonete Facial Suave\" srcset=\"https:\/\/bacanaskincare.com\/wp-content\/uploads\/2020\/11\/Texture-Cleansing-300x300.jpg 300w, https:\/\/bacanaskincare.com\/wp-content\/uploads\/2020\/11\/Texture-Cleansing-600x600.jpg 600w, https:\/\/bacanaskincare.com\/wp-content\/uploads\/2020\/11\/Texture-Cleansing-1024x1024.jpg 1024w, https:\/\/bacanaskincare.com\/wp-content\/uploads\/2020\/11\/Texture-Cleansing-768x768.jpg 768w, https:\/\/bacanaskincare.com\/wp-content\/uploads\/2020\/11\/Texture-Cleansing-120x120.jpg 120w, https:\/\/bacanaskincare.com\/wp-content\/uploads\/2020\/11\/Texture-Cleansing-1000x1000.jpg 1000w, https:\/\/bacanaskincare.com\/wp-content\/uploads\/2020\/11\/Texture-Cleansing-100x100.jpg 100w, https:\/\/bacanaskincare.com\/wp-content\/uploads\/2020\/11\/Texture-Cleansing.jpg 1080w\" sizes=\"auto, (max-width: 300px) 100vw, 300px\" \/><\/a>\t<\/div><!-- .woo-entry-image-swap -->\r\n\r\n<\/li><li class=\"price-wrap\">\n\t<span class=\"price\"><span class=\"woocommerce-Price-amount amount\"><bdi><span class=\"woocommerce-Price-currencySymbol\">&euro;<\/span>20.00<\/bdi><\/span><\/span>\n<\/li><li class=\"rating\"><div class=\"star-rating\" role=\"img\" aria-label=\"Avalia\u00e7\u00e3o 5.00 de 5\"><span style=\"width:100%\">Avalia\u00e7\u00e3o <strong class=\"rating\">5.00<\/strong> de 5<\/span><\/div><\/li><li class=\"btn-wrap clr\"><a href=\"\/pt-br\/wp-json\/wp\/v2\/posts\/19646?add-to-cart=19355\" aria-describedby=\"woocommerce_loop_add_to_cart_link_describedby_19355\" data-quantity=\"1\" class=\"button product_type_simple add_to_cart_button ajax_add_to_cart\" data-product_id=\"19355\" data-product_sku=\"010520\" aria-label=\"Adicione ao carrinho: &ldquo;Sabonete Facial Suave&rdquo;\" rel=\"nofollow\" data-success_message=\"\u201cSabonete Facial Suave\u201d foi adicionado ao seu carrinho\" role=\"button\">Adicionar ao carrinho<\/a>\t<span id=\"woocommerce_loop_add_to_cart_link_describedby_19355\" class=\"screen-reader-text\">\n\t\t\t<\/span>\n<\/li><\/ul><\/div><!-- .product-inner .clr --><\/li>\n<li class=\"entry has-media has-rating has-product-nav col span_1_of_3 owp-content-center item-entry owp-thumbs-layout-horizontal owp-btn-normal owp-tabs-layout-horizontal has-no-thumbnails circle-sale product type-product post-19340 status-publish instock product_cat-skin-care-pt-br has-post-thumbnail shipping-taxable purchasable product-type-simple\">\n\t<div class=\"product-inner clr\">\r\n\t<div class=\"woo-entry-image clr\">\r\n\t\t<a href=\"https:\/\/bacanaskincare.com\/pt-br\/product\/serenity-vitamin-mist-toner\/\" class=\"woocommerce-LoopProduct-link\"><img loading=\"lazy\" decoding=\"async\" width=\"300\" height=\"300\" src=\"https:\/\/bacanaskincare.com\/wp-content\/uploads\/2020\/11\/Mist-Toner-1-300x300.jpg\" class=\"woo-entry-image-main\" alt=\"Mist Toner\" srcset=\"https:\/\/bacanaskincare.com\/wp-content\/uploads\/2020\/11\/Mist-Toner-1-300x300.jpg 300w, https:\/\/bacanaskincare.com\/wp-content\/uploads\/2020\/11\/Mist-Toner-1-600x600.jpg 600w, https:\/\/bacanaskincare.com\/wp-content\/uploads\/2020\/11\/Mist-Toner-1-1024x1024.jpg 1024w, https:\/\/bacanaskincare.com\/wp-content\/uploads\/2020\/11\/Mist-Toner-1-768x768.jpg 768w, https:\/\/bacanaskincare.com\/wp-content\/uploads\/2020\/11\/Mist-Toner-1-120x120.jpg 120w, https:\/\/bacanaskincare.com\/wp-content\/uploads\/2020\/11\/Mist-Toner-1-1000x1000.jpg 1000w, https:\/\/bacanaskincare.com\/wp-content\/uploads\/2020\/11\/Mist-Toner-1-100x100.jpg 100w, https:\/\/bacanaskincare.com\/wp-content\/uploads\/2020\/11\/Mist-Toner-1.jpg 1050w\" sizes=\"auto, (max-width: 300px) 100vw, 300px\" \/><\/a>\t<\/div><!-- .woo-entry-image -->\r\n\r\n<ul class=\"woo-entry-inner clr\"><li class=\"title\"><h2><a href=\"https:\/\/bacanaskincare.com\/pt-br\/product\/serenity-vitamin-mist-toner\/\">Mist Toner<\/a><\/h2><\/li><li class=\"image-wrap\">\r\n\t<div class=\"woo-entry-image clr\">\r\n\t\t<a href=\"https:\/\/bacanaskincare.com\/pt-br\/product\/serenity-vitamin-mist-toner\/\" class=\"woocommerce-LoopProduct-link\"><img loading=\"lazy\" decoding=\"async\" width=\"300\" height=\"300\" src=\"https:\/\/bacanaskincare.com\/wp-content\/uploads\/2020\/11\/Mist-Toner-1-300x300.jpg\" class=\"woo-entry-image-main\" alt=\"Mist Toner\" srcset=\"https:\/\/bacanaskincare.com\/wp-content\/uploads\/2020\/11\/Mist-Toner-1-300x300.jpg 300w, https:\/\/bacanaskincare.com\/wp-content\/uploads\/2020\/11\/Mist-Toner-1-600x600.jpg 600w, https:\/\/bacanaskincare.com\/wp-content\/uploads\/2020\/11\/Mist-Toner-1-1024x1024.jpg 1024w, https:\/\/bacanaskincare.com\/wp-content\/uploads\/2020\/11\/Mist-Toner-1-768x768.jpg 768w, https:\/\/bacanaskincare.com\/wp-content\/uploads\/2020\/11\/Mist-Toner-1-120x120.jpg 120w, https:\/\/bacanaskincare.com\/wp-content\/uploads\/2020\/11\/Mist-Toner-1-1000x1000.jpg 1000w, https:\/\/bacanaskincare.com\/wp-content\/uploads\/2020\/11\/Mist-Toner-1-100x100.jpg 100w, https:\/\/bacanaskincare.com\/wp-content\/uploads\/2020\/11\/Mist-Toner-1.jpg 1050w\" sizes=\"auto, (max-width: 300px) 100vw, 300px\" \/><\/a>\t<\/div><!-- .woo-entry-image -->\r\n\r\n<\/li><li class=\"price-wrap\">\n\t<span class=\"price\"><span class=\"woocommerce-Price-amount amount\"><bdi><span class=\"woocommerce-Price-currencySymbol\">&euro;<\/span>23.00<\/bdi><\/span><\/span>\n<\/li><li class=\"rating\"><div class=\"star-rating\" role=\"img\" aria-label=\"Avalia\u00e7\u00e3o 4.95 de 5\"><span style=\"width:99%\">Avalia\u00e7\u00e3o <strong class=\"rating\">4.95<\/strong> de 5<\/span><\/div><\/li><li class=\"btn-wrap clr\"><a href=\"\/pt-br\/wp-json\/wp\/v2\/posts\/19646?add-to-cart=19340\" aria-describedby=\"woocommerce_loop_add_to_cart_link_describedby_19340\" data-quantity=\"1\" class=\"button product_type_simple add_to_cart_button ajax_add_to_cart\" data-product_id=\"19340\" data-product_sku=\"151019\" aria-label=\"Adicione ao carrinho: &ldquo;Mist Toner&rdquo;\" rel=\"nofollow\" data-success_message=\"\u201cMist Toner\u201d foi adicionado ao seu carrinho\" role=\"button\">Adicionar ao carrinho<\/a>\t<span id=\"woocommerce_loop_add_to_cart_link_describedby_19340\" class=\"screen-reader-text\">\n\t\t\t<\/span>\n<\/li><\/ul><\/div><!-- .product-inner .clr --><\/li>\n<li class=\"entry has-media has-rating has-product-nav col span_1_of_3 owp-content-center item-entry owp-thumbs-layout-horizontal owp-btn-normal owp-tabs-layout-horizontal circle-sale product type-product post-19367 status-publish last instock product_cat-skin-care-pt-br has-post-thumbnail shipping-taxable purchasable product-type-simple\">\n\t<div class=\"product-inner clr\">\r\n\t<div class=\"woo-entry-image-swap woo-entry-image clr\">\r\n\t\t<a href=\"https:\/\/bacanaskincare.com\/pt-br\/product\/green-clay-face-mask\/\" class=\"woocommerce-LoopProduct-link\"><img loading=\"lazy\" decoding=\"async\" width=\"300\" height=\"300\" src=\"https:\/\/bacanaskincare.com\/wp-content\/uploads\/2020\/10\/green-clay-face-mask-300x300.jpg\" class=\"woo-entry-image-main\" alt=\"M\u00e1scara Facial de Argila Verde da Bacana\" srcset=\"https:\/\/bacanaskincare.com\/wp-content\/uploads\/2020\/10\/green-clay-face-mask-300x300.jpg 300w, https:\/\/bacanaskincare.com\/wp-content\/uploads\/2020\/10\/green-clay-face-mask-100x100.jpg 100w, https:\/\/bacanaskincare.com\/wp-content\/uploads\/2020\/10\/green-clay-face-mask-1000x1000.jpg 1000w, https:\/\/bacanaskincare.com\/wp-content\/uploads\/2020\/10\/green-clay-face-mask-600x600.jpg 600w, https:\/\/bacanaskincare.com\/wp-content\/uploads\/2020\/10\/green-clay-face-mask-1024x1024.jpg 1024w, https:\/\/bacanaskincare.com\/wp-content\/uploads\/2020\/10\/green-clay-face-mask-768x768.jpg 768w, https:\/\/bacanaskincare.com\/wp-content\/uploads\/2020\/10\/green-clay-face-mask.jpg 1150w\" sizes=\"auto, (max-width: 300px) 100vw, 300px\" \/><img loading=\"lazy\" decoding=\"async\" width=\"300\" height=\"300\" src=\"https:\/\/bacanaskincare.com\/wp-content\/uploads\/2020\/10\/green-clay-lifestyle-300x300.webp\" class=\"woo-entry-image-secondary\" alt=\"M\u00e1scara Facial de Argila Verde da Bacana\" srcset=\"https:\/\/bacanaskincare.com\/wp-content\/uploads\/2020\/10\/green-clay-lifestyle-300x300.webp 300w, https:\/\/bacanaskincare.com\/wp-content\/uploads\/2020\/10\/green-clay-lifestyle-100x100.webp 100w, https:\/\/bacanaskincare.com\/wp-content\/uploads\/2020\/10\/green-clay-lifestyle-1000x1000.webp 1000w, https:\/\/bacanaskincare.com\/wp-content\/uploads\/2020\/10\/green-clay-lifestyle-600x600.webp 600w, https:\/\/bacanaskincare.com\/wp-content\/uploads\/2020\/10\/green-clay-lifestyle-768x768.webp 768w, https:\/\/bacanaskincare.com\/wp-content\/uploads\/2020\/10\/green-clay-lifestyle-120x120.webp 120w, https:\/\/bacanaskincare.com\/wp-content\/uploads\/2020\/10\/green-clay-lifestyle.webp 1024w\" sizes=\"auto, (max-width: 300px) 100vw, 300px\" \/><\/a>\t<\/div><!-- .woo-entry-image-swap -->\r\n\r\n<ul class=\"woo-entry-inner clr\"><li class=\"title\"><h2><a href=\"https:\/\/bacanaskincare.com\/pt-br\/product\/green-clay-face-mask\/\">M\u00e1scara Facial de Argila Verde da Bacana<\/a><\/h2><\/li><li class=\"image-wrap\">\r\n\t<div class=\"woo-entry-image-swap woo-entry-image clr\">\r\n\t\t<a href=\"https:\/\/bacanaskincare.com\/pt-br\/product\/green-clay-face-mask\/\" class=\"woocommerce-LoopProduct-link\"><img loading=\"lazy\" decoding=\"async\" width=\"300\" height=\"300\" src=\"https:\/\/bacanaskincare.com\/wp-content\/uploads\/2020\/10\/green-clay-face-mask-300x300.jpg\" class=\"woo-entry-image-main\" alt=\"M\u00e1scara Facial de Argila Verde da Bacana\" srcset=\"https:\/\/bacanaskincare.com\/wp-content\/uploads\/2020\/10\/green-clay-face-mask-300x300.jpg 300w, https:\/\/bacanaskincare.com\/wp-content\/uploads\/2020\/10\/green-clay-face-mask-100x100.jpg 100w, https:\/\/bacanaskincare.com\/wp-content\/uploads\/2020\/10\/green-clay-face-mask-1000x1000.jpg 1000w, https:\/\/bacanaskincare.com\/wp-content\/uploads\/2020\/10\/green-clay-face-mask-600x600.jpg 600w, https:\/\/bacanaskincare.com\/wp-content\/uploads\/2020\/10\/green-clay-face-mask-1024x1024.jpg 1024w, https:\/\/bacanaskincare.com\/wp-content\/uploads\/2020\/10\/green-clay-face-mask-768x768.jpg 768w, https:\/\/bacanaskincare.com\/wp-content\/uploads\/2020\/10\/green-clay-face-mask.jpg 1150w\" sizes=\"auto, (max-width: 300px) 100vw, 300px\" \/><img loading=\"lazy\" decoding=\"async\" width=\"300\" height=\"300\" src=\"https:\/\/bacanaskincare.com\/wp-content\/uploads\/2020\/10\/green-clay-lifestyle-300x300.webp\" class=\"woo-entry-image-secondary\" alt=\"M\u00e1scara Facial de Argila Verde da Bacana\" srcset=\"https:\/\/bacanaskincare.com\/wp-content\/uploads\/2020\/10\/green-clay-lifestyle-300x300.webp 300w, https:\/\/bacanaskincare.com\/wp-content\/uploads\/2020\/10\/green-clay-lifestyle-100x100.webp 100w, https:\/\/bacanaskincare.com\/wp-content\/uploads\/2020\/10\/green-clay-lifestyle-1000x1000.webp 1000w, https:\/\/bacanaskincare.com\/wp-content\/uploads\/2020\/10\/green-clay-lifestyle-600x600.webp 600w, https:\/\/bacanaskincare.com\/wp-content\/uploads\/2020\/10\/green-clay-lifestyle-768x768.webp 768w, https:\/\/bacanaskincare.com\/wp-content\/uploads\/2020\/10\/green-clay-lifestyle-120x120.webp 120w, https:\/\/bacanaskincare.com\/wp-content\/uploads\/2020\/10\/green-clay-lifestyle.webp 1024w\" sizes=\"auto, (max-width: 300px) 100vw, 300px\" \/><\/a>\t<\/div><!-- .woo-entry-image-swap -->\r\n\r\n<\/li><li class=\"price-wrap\">\n\t<span class=\"price\"><span class=\"woocommerce-Price-amount amount\"><bdi><span class=\"woocommerce-Price-currencySymbol\">&euro;<\/span>27.50<\/bdi><\/span><\/span>\n<\/li><li class=\"rating\"><div class=\"star-rating\" role=\"img\" aria-label=\"Avalia\u00e7\u00e3o 4.92 de 5\"><span style=\"width:98.4%\">Avalia\u00e7\u00e3o <strong class=\"rating\">4.92<\/strong> de 5<\/span><\/div><\/li><li class=\"btn-wrap clr\"><a href=\"\/pt-br\/wp-json\/wp\/v2\/posts\/19646?add-to-cart=19367\" aria-describedby=\"woocommerce_loop_add_to_cart_link_describedby_19367\" data-quantity=\"1\" class=\"button product_type_simple add_to_cart_button ajax_add_to_cart\" data-product_id=\"19367\" data-product_sku=\"010621\" aria-label=\"Adicione ao carrinho: &ldquo;M\u00e1scara Facial de Argila Verde da Bacana&rdquo;\" rel=\"nofollow\" data-success_message=\"\u201cM\u00e1scara Facial de Argila Verde da Bacana\u201d foi adicionado ao seu carrinho\" role=\"button\">Adicionar ao carrinho<\/a>\t<span id=\"woocommerce_loop_add_to_cart_link_describedby_19367\" class=\"screen-reader-text\">\n\t\t\t<\/span>\n<\/li><\/ul><\/div><!-- .product-inner .clr --><\/li>\n<\/ul>\n<\/div>\n","protected":false},"excerpt":{"rendered":"<p>O que \u00e9 acne? Como tratar acne com produtos naturais A acne \u00e9 a doen\u00e7a de pele mais comum vista pelos m\u00e9dicos, uma condi\u00e7\u00e3o que afeta cerca de 80% dos adolescentes no mundo e persiste em at\u00e9 30% da popula\u00e7\u00e3o adulta. Ocorre quando os poros ficam obstru\u00eddos por c\u00e9lulas mortas, resultando em ac\u00famulo de sebo, [&hellip;]<\/p>\n","protected":false},"author":3,"featured_media":19601,"comment_status":"open","ping_status":"open","sticky":false,"template":"","format":"standard","meta":{"ocean_post_layout":"","ocean_both_sidebars_style":"","ocean_both_sidebars_content_width":0,"ocean_both_sidebars_sidebars_width":0,"ocean_sidebar":"0","ocean_second_sidebar":"0","ocean_disable_margins":"enable","ocean_add_body_class":"","ocean_shortcode_before_top_bar":"","ocean_shortcode_after_top_bar":"","ocean_shortcode_before_header":"","ocean_shortcode_after_header":"","ocean_has_shortcode":"","ocean_shortcode_after_title":"","ocean_shortcode_before_footer_widgets":"","ocean_shortcode_after_footer_widgets":"","ocean_shortcode_before_footer_bottom":"","ocean_shortcode_after_footer_bottom":"","ocean_display_top_bar":"default","ocean_display_header":"default","ocean_header_style":"","ocean_center_header_left_menu":"0","ocean_custom_header_template":"0","ocean_custom_logo":0,"ocean_custom_retina_logo":0,"ocean_custom_logo_max_width":0,"ocean_custom_logo_tablet_max_width":0,"ocean_custom_logo_mobile_max_width":0,"ocean_custom_logo_max_height":0,"ocean_custom_logo_tablet_max_height":0,"ocean_custom_logo_mobile_max_height":0,"ocean_header_custom_menu":"0","ocean_menu_typo_font_family":"0","ocean_menu_typo_font_subset":"","ocean_menu_typo_font_size":0,"ocean_menu_typo_font_size_tablet":0,"ocean_menu_typo_font_size_mobile":0,"ocean_menu_typo_font_size_unit":"px","ocean_menu_typo_font_weight":"","ocean_menu_typo_font_weight_tablet":"","ocean_menu_typo_font_weight_mobile":"","ocean_menu_typo_transform":"","ocean_menu_typo_transform_tablet":"","ocean_menu_typo_transform_mobile":"","ocean_menu_typo_line_height":0,"ocean_menu_typo_line_height_tablet":0,"ocean_menu_typo_line_height_mobile":0,"ocean_menu_typo_line_height_unit":"","ocean_menu_typo_spacing":0,"ocean_menu_typo_spacing_tablet":0,"ocean_menu_typo_spacing_mobile":0,"ocean_menu_typo_spacing_unit":"","ocean_menu_link_color":"","ocean_menu_link_color_hover":"","ocean_menu_link_color_active":"","ocean_menu_link_background":"","ocean_menu_link_hover_background":"","ocean_menu_link_active_background":"","ocean_menu_social_links_bg":"","ocean_menu_social_hover_links_bg":"","ocean_menu_social_links_color":"","ocean_menu_social_hover_links_color":"","ocean_disable_title":"default","ocean_disable_heading":"default","ocean_post_title":"","ocean_post_subheading":"","ocean_post_title_style":"","ocean_post_title_background_color":"","ocean_post_title_background":0,"ocean_post_title_bg_image_position":"","ocean_post_title_bg_image_attachment":"","ocean_post_title_bg_image_repeat":"","ocean_post_title_bg_image_size":"","ocean_post_title_height":0,"ocean_post_title_bg_overlay":0.5,"ocean_post_title_bg_overlay_color":"","ocean_disable_breadcrumbs":"default","ocean_breadcrumbs_color":"","ocean_breadcrumbs_separator_color":"","ocean_breadcrumbs_links_color":"","ocean_breadcrumbs_links_hover_color":"","ocean_display_footer_widgets":"default","ocean_display_footer_bottom":"default","ocean_custom_footer_template":"0","iawp_total_views":1,"ocean_post_oembed":"","ocean_post_self_hosted_media":"","ocean_post_video_embed":"","ocean_link_format":"","ocean_link_format_target":"self","ocean_quote_format":"","ocean_quote_format_link":"post","ocean_gallery_link_images":"off","ocean_gallery_id":[],"footnotes":""},"categories":[237],"tags":[],"class_list":["post-19646","post","type-post","status-publish","format-standard","has-post-thumbnail","hentry","category-saude-e-bem-estar","entry","has-media","owp-thumbs-layout-horizontal","owp-btn-normal","owp-tabs-layout-horizontal","has-no-thumbnails","has-product-nav","circle-sale"],"yoast_head":"<!-- This site is optimized with the Yoast SEO plugin v27.3 - https:\/\/yoast.com\/product\/yoast-seo-wordpress\/ -->\n<title>Como tratar acne com produtos naturais - Bacana Skincare<\/title>\n<meta name=\"description\" content=\"Como tratar acne com produtos naturais Esta quest\u00e3o \u00e9 importante porque a acne \u00e9 a doen\u00e7a de pele mais comum observada pelos m\u00e9dicos\" \/>\n<meta name=\"robots\" content=\"index, follow, max-snippet:-1, max-image-preview:large, max-video-preview:-1\" \/>\n<link rel=\"canonical\" href=\"https:\/\/bacanaskincare.com\/pt-br\/como-tratar-a-acne-com-produtos-naturais\/\" \/>\n<meta property=\"og:locale\" content=\"pt_BR\" \/>\n<meta property=\"og:type\" content=\"article\" \/>\n<meta property=\"og:title\" content=\"Como tratar acne com produtos naturais - Bacana Skincare\" \/>\n<meta property=\"og:description\" content=\"Como tratar acne com produtos naturais Esta quest\u00e3o \u00e9 importante porque a acne \u00e9 a doen\u00e7a de pele mais comum observada pelos m\u00e9dicos\" \/>\n<meta property=\"og:url\" content=\"https:\/\/bacanaskincare.com\/pt-br\/como-tratar-a-acne-com-produtos-naturais\/\" \/>\n<meta property=\"og:site_name\" content=\"Bacana Skincare\" \/>\n<meta property=\"article:publisher\" content=\"https:\/\/www.facebook.com\/bacanaskincare-106988470647315\/\" \/>\n<meta property=\"article:published_time\" content=\"2021-05-19T13:57:29+00:00\" \/>\n<meta property=\"article:modified_time\" content=\"2021-05-22T19:41:02+00:00\" \/>\n<meta property=\"og:image\" content=\"https:\/\/bacanaskincare.com\/wp-content\/uploads\/2020\/12\/how-treat-acne-with-naturals-3-2.jpg\" \/>\n\t<meta property=\"og:image:width\" content=\"600\" \/>\n\t<meta property=\"og:image:height\" content=\"400\" \/>\n\t<meta property=\"og:image:type\" content=\"image\/jpeg\" \/>\n<meta name=\"author\" content=\"Fernanda Leit\u00e3o\" \/>\n<meta name=\"twitter:card\" content=\"summary_large_image\" \/>\n<meta name=\"twitter:label1\" content=\"Escrito por\" \/>\n\t<meta name=\"twitter:data1\" content=\"Fernanda Leit\u00e3o\" \/>\n\t<meta name=\"twitter:label2\" content=\"Est. tempo de leitura\" \/>\n\t<meta name=\"twitter:data2\" content=\"5 minutos\" \/>\n<script type=\"application\/ld+json\" class=\"yoast-schema-graph\">{\"@context\":\"https:\\\/\\\/schema.org\",\"@graph\":[{\"@type\":\"Article\",\"@id\":\"https:\\\/\\\/bacanaskincare.com\\\/pt-br\\\/como-tratar-a-acne-com-produtos-naturais\\\/#article\",\"isPartOf\":{\"@id\":\"https:\\\/\\\/bacanaskincare.com\\\/pt-br\\\/como-tratar-a-acne-com-produtos-naturais\\\/\"},\"author\":{\"name\":\"Fernanda Leit\u00e3o\",\"@id\":\"https:\\\/\\\/bacanaskincare.com\\\/pt-br\\\/#\\\/schema\\\/person\\\/588e51362ddac449df44688f446600c1\"},\"headline\":\"Como tratar acne com produtos naturais\",\"datePublished\":\"2021-05-19T13:57:29+00:00\",\"dateModified\":\"2021-05-22T19:41:02+00:00\",\"mainEntityOfPage\":{\"@id\":\"https:\\\/\\\/bacanaskincare.com\\\/pt-br\\\/como-tratar-a-acne-com-produtos-naturais\\\/\"},\"wordCount\":1092,\"commentCount\":0,\"publisher\":{\"@id\":\"https:\\\/\\\/bacanaskincare.com\\\/pt-br\\\/#organization\"},\"image\":{\"@id\":\"https:\\\/\\\/bacanaskincare.com\\\/pt-br\\\/como-tratar-a-acne-com-produtos-naturais\\\/#primaryimage\"},\"thumbnailUrl\":\"https:\\\/\\\/bacanaskincare.com\\\/wp-content\\\/uploads\\\/2020\\\/12\\\/how-treat-acne-with-naturals-3-2.jpg\",\"articleSection\":[\"Sa\u00fade e bem estar\"],\"inLanguage\":\"pt-BR\",\"potentialAction\":[{\"@type\":\"CommentAction\",\"name\":\"Comment\",\"target\":[\"https:\\\/\\\/bacanaskincare.com\\\/pt-br\\\/como-tratar-a-acne-com-produtos-naturais\\\/#respond\"]}]},{\"@type\":\"WebPage\",\"@id\":\"https:\\\/\\\/bacanaskincare.com\\\/pt-br\\\/como-tratar-a-acne-com-produtos-naturais\\\/\",\"url\":\"https:\\\/\\\/bacanaskincare.com\\\/pt-br\\\/como-tratar-a-acne-com-produtos-naturais\\\/\",\"name\":\"Como tratar acne com produtos naturais - Bacana Skincare\",\"isPartOf\":{\"@id\":\"https:\\\/\\\/bacanaskincare.com\\\/pt-br\\\/#website\"},\"primaryImageOfPage\":{\"@id\":\"https:\\\/\\\/bacanaskincare.com\\\/pt-br\\\/como-tratar-a-acne-com-produtos-naturais\\\/#primaryimage\"},\"image\":{\"@id\":\"https:\\\/\\\/bacanaskincare.com\\\/pt-br\\\/como-tratar-a-acne-com-produtos-naturais\\\/#primaryimage\"},\"thumbnailUrl\":\"https:\\\/\\\/bacanaskincare.com\\\/wp-content\\\/uploads\\\/2020\\\/12\\\/how-treat-acne-with-naturals-3-2.jpg\",\"datePublished\":\"2021-05-19T13:57:29+00:00\",\"dateModified\":\"2021-05-22T19:41:02+00:00\",\"description\":\"Como tratar acne com produtos naturais Esta quest\u00e3o \u00e9 importante porque a acne \u00e9 a doen\u00e7a de pele mais comum observada pelos m\u00e9dicos\",\"inLanguage\":\"pt-BR\",\"potentialAction\":[{\"@type\":\"ReadAction\",\"target\":[\"https:\\\/\\\/bacanaskincare.com\\\/pt-br\\\/como-tratar-a-acne-com-produtos-naturais\\\/\"]}]},{\"@type\":\"ImageObject\",\"inLanguage\":\"pt-BR\",\"@id\":\"https:\\\/\\\/bacanaskincare.com\\\/pt-br\\\/como-tratar-a-acne-com-produtos-naturais\\\/#primaryimage\",\"url\":\"https:\\\/\\\/bacanaskincare.com\\\/wp-content\\\/uploads\\\/2020\\\/12\\\/how-treat-acne-with-naturals-3-2.jpg\",\"contentUrl\":\"https:\\\/\\\/bacanaskincare.com\\\/wp-content\\\/uploads\\\/2020\\\/12\\\/how-treat-acne-with-naturals-3-2.jpg\",\"width\":600,\"height\":400},{\"@type\":\"WebSite\",\"@id\":\"https:\\\/\\\/bacanaskincare.com\\\/pt-br\\\/#website\",\"url\":\"https:\\\/\\\/bacanaskincare.com\\\/pt-br\\\/\",\"name\":\"Bacana Skincare\",\"description\":\"Natural skincare powered by tropical superfruits\",\"publisher\":{\"@id\":\"https:\\\/\\\/bacanaskincare.com\\\/pt-br\\\/#organization\"},\"potentialAction\":[{\"@type\":\"SearchAction\",\"target\":{\"@type\":\"EntryPoint\",\"urlTemplate\":\"https:\\\/\\\/bacanaskincare.com\\\/pt-br\\\/?s={search_term_string}\"},\"query-input\":{\"@type\":\"PropertyValueSpecification\",\"valueRequired\":true,\"valueName\":\"search_term_string\"}}],\"inLanguage\":\"pt-BR\"},{\"@type\":\"Organization\",\"@id\":\"https:\\\/\\\/bacanaskincare.com\\\/pt-br\\\/#organization\",\"name\":\"Bacana Skincare\",\"url\":\"https:\\\/\\\/bacanaskincare.com\\\/pt-br\\\/\",\"logo\":{\"@type\":\"ImageObject\",\"inLanguage\":\"pt-BR\",\"@id\":\"https:\\\/\\\/bacanaskincare.com\\\/pt-br\\\/#\\\/schema\\\/logo\\\/image\\\/\",\"url\":\"https:\\\/\\\/bacanaskincare.com\\\/wp-content\\\/uploads\\\/2019\\\/09\\\/u.png\",\"contentUrl\":\"https:\\\/\\\/bacanaskincare.com\\\/wp-content\\\/uploads\\\/2019\\\/09\\\/u.png\",\"width\":834,\"height\":226,\"caption\":\"Bacana Skincare\"},\"image\":{\"@id\":\"https:\\\/\\\/bacanaskincare.com\\\/pt-br\\\/#\\\/schema\\\/logo\\\/image\\\/\"},\"sameAs\":[\"https:\\\/\\\/www.facebook.com\\\/bacanaskincare-106988470647315\\\/\",\"https:\\\/\\\/www.instagram.com\\\/bacanaskincare\\\/?hl=en\",\"https:\\\/\\\/br.pinterest.com\\\/d0fd9db15f94c64465fab43d03b69a\\\/\"]},{\"@type\":\"Person\",\"@id\":\"https:\\\/\\\/bacanaskincare.com\\\/pt-br\\\/#\\\/schema\\\/person\\\/588e51362ddac449df44688f446600c1\",\"name\":\"Fernanda Leit\u00e3o\",\"image\":{\"@type\":\"ImageObject\",\"inLanguage\":\"pt-BR\",\"@id\":\"https:\\\/\\\/secure.gravatar.com\\\/avatar\\\/538020bdb4ad00427d7fb082230b66e6742b8928bf597eb936815d555790e301?s=96&d=blank&r=g\",\"url\":\"https:\\\/\\\/secure.gravatar.com\\\/avatar\\\/538020bdb4ad00427d7fb082230b66e6742b8928bf597eb936815d555790e301?s=96&d=blank&r=g\",\"contentUrl\":\"https:\\\/\\\/secure.gravatar.com\\\/avatar\\\/538020bdb4ad00427d7fb082230b66e6742b8928bf597eb936815d555790e301?s=96&d=blank&r=g\",\"caption\":\"Fernanda Leit\u00e3o\"},\"sameAs\":[\"http:\\\/\\\/bacanaskincare.com\"]}]}<\/script>\n<!-- \/ Yoast SEO plugin. -->","yoast_head_json":{"title":"Como tratar acne com produtos naturais - Bacana Skincare","description":"Como tratar acne com produtos naturais Esta quest\u00e3o \u00e9 importante porque a acne \u00e9 a doen\u00e7a de pele mais comum observada pelos m\u00e9dicos","robots":{"index":"index","follow":"follow","max-snippet":"max-snippet:-1","max-image-preview":"max-image-preview:large","max-video-preview":"max-video-preview:-1"},"canonical":"https:\/\/bacanaskincare.com\/pt-br\/como-tratar-a-acne-com-produtos-naturais\/","og_locale":"pt_BR","og_type":"article","og_title":"Como tratar acne com produtos naturais - Bacana Skincare","og_description":"Como tratar acne com produtos naturais Esta quest\u00e3o \u00e9 importante porque a acne \u00e9 a doen\u00e7a de pele mais comum observada pelos m\u00e9dicos","og_url":"https:\/\/bacanaskincare.com\/pt-br\/como-tratar-a-acne-com-produtos-naturais\/","og_site_name":"Bacana Skincare","article_publisher":"https:\/\/www.facebook.com\/bacanaskincare-106988470647315\/","article_published_time":"2021-05-19T13:57:29+00:00","article_modified_time":"2021-05-22T19:41:02+00:00","og_image":[{"width":600,"height":400,"url":"https:\/\/bacanaskincare.com\/wp-content\/uploads\/2020\/12\/how-treat-acne-with-naturals-3-2.jpg","type":"image\/jpeg"}],"author":"Fernanda Leit\u00e3o","twitter_card":"summary_large_image","twitter_misc":{"Escrito por":"Fernanda Leit\u00e3o","Est. tempo de leitura":"5 minutos"},"schema":{"@context":"https:\/\/schema.org","@graph":[{"@type":"Article","@id":"https:\/\/bacanaskincare.com\/pt-br\/como-tratar-a-acne-com-produtos-naturais\/#article","isPartOf":{"@id":"https:\/\/bacanaskincare.com\/pt-br\/como-tratar-a-acne-com-produtos-naturais\/"},"author":{"name":"Fernanda Leit\u00e3o","@id":"https:\/\/bacanaskincare.com\/pt-br\/#\/schema\/person\/588e51362ddac449df44688f446600c1"},"headline":"Como tratar acne com produtos naturais","datePublished":"2021-05-19T13:57:29+00:00","dateModified":"2021-05-22T19:41:02+00:00","mainEntityOfPage":{"@id":"https:\/\/bacanaskincare.com\/pt-br\/como-tratar-a-acne-com-produtos-naturais\/"},"wordCount":1092,"commentCount":0,"publisher":{"@id":"https:\/\/bacanaskincare.com\/pt-br\/#organization"},"image":{"@id":"https:\/\/bacanaskincare.com\/pt-br\/como-tratar-a-acne-com-produtos-naturais\/#primaryimage"},"thumbnailUrl":"https:\/\/bacanaskincare.com\/wp-content\/uploads\/2020\/12\/how-treat-acne-with-naturals-3-2.jpg","articleSection":["Sa\u00fade e bem estar"],"inLanguage":"pt-BR","potentialAction":[{"@type":"CommentAction","name":"Comment","target":["https:\/\/bacanaskincare.com\/pt-br\/como-tratar-a-acne-com-produtos-naturais\/#respond"]}]},{"@type":"WebPage","@id":"https:\/\/bacanaskincare.com\/pt-br\/como-tratar-a-acne-com-produtos-naturais\/","url":"https:\/\/bacanaskincare.com\/pt-br\/como-tratar-a-acne-com-produtos-naturais\/","name":"Como tratar acne com produtos naturais - Bacana Skincare","isPartOf":{"@id":"https:\/\/bacanaskincare.com\/pt-br\/#website"},"primaryImageOfPage":{"@id":"https:\/\/bacanaskincare.com\/pt-br\/como-tratar-a-acne-com-produtos-naturais\/#primaryimage"},"image":{"@id":"https:\/\/bacanaskincare.com\/pt-br\/como-tratar-a-acne-com-produtos-naturais\/#primaryimage"},"thumbnailUrl":"https:\/\/bacanaskincare.com\/wp-content\/uploads\/2020\/12\/how-treat-acne-with-naturals-3-2.jpg","datePublished":"2021-05-19T13:57:29+00:00","dateModified":"2021-05-22T19:41:02+00:00","description":"Como tratar acne com produtos naturais Esta quest\u00e3o \u00e9 importante porque a acne \u00e9 a doen\u00e7a de pele mais comum observada pelos m\u00e9dicos","inLanguage":"pt-BR","potentialAction":[{"@type":"ReadAction","target":["https:\/\/bacanaskincare.com\/pt-br\/como-tratar-a-acne-com-produtos-naturais\/"]}]},{"@type":"ImageObject","inLanguage":"pt-BR","@id":"https:\/\/bacanaskincare.com\/pt-br\/como-tratar-a-acne-com-produtos-naturais\/#primaryimage","url":"https:\/\/bacanaskincare.com\/wp-content\/uploads\/2020\/12\/how-treat-acne-with-naturals-3-2.jpg","contentUrl":"https:\/\/bacanaskincare.com\/wp-content\/uploads\/2020\/12\/how-treat-acne-with-naturals-3-2.jpg","width":600,"height":400},{"@type":"WebSite","@id":"https:\/\/bacanaskincare.com\/pt-br\/#website","url":"https:\/\/bacanaskincare.com\/pt-br\/","name":"Bacana Skincare","description":"Natural skincare powered by tropical superfruits","publisher":{"@id":"https:\/\/bacanaskincare.com\/pt-br\/#organization"},"potentialAction":[{"@type":"SearchAction","target":{"@type":"EntryPoint","urlTemplate":"https:\/\/bacanaskincare.com\/pt-br\/?s={search_term_string}"},"query-input":{"@type":"PropertyValueSpecification","valueRequired":true,"valueName":"search_term_string"}}],"inLanguage":"pt-BR"},{"@type":"Organization","@id":"https:\/\/bacanaskincare.com\/pt-br\/#organization","name":"Bacana Skincare","url":"https:\/\/bacanaskincare.com\/pt-br\/","logo":{"@type":"ImageObject","inLanguage":"pt-BR","@id":"https:\/\/bacanaskincare.com\/pt-br\/#\/schema\/logo\/image\/","url":"https:\/\/bacanaskincare.com\/wp-content\/uploads\/2019\/09\/u.png","contentUrl":"https:\/\/bacanaskincare.com\/wp-content\/uploads\/2019\/09\/u.png","width":834,"height":226,"caption":"Bacana Skincare"},"image":{"@id":"https:\/\/bacanaskincare.com\/pt-br\/#\/schema\/logo\/image\/"},"sameAs":["https:\/\/www.facebook.com\/bacanaskincare-106988470647315\/","https:\/\/www.instagram.com\/bacanaskincare\/?hl=en","https:\/\/br.pinterest.com\/d0fd9db15f94c64465fab43d03b69a\/"]},{"@type":"Person","@id":"https:\/\/bacanaskincare.com\/pt-br\/#\/schema\/person\/588e51362ddac449df44688f446600c1","name":"Fernanda Leit\u00e3o","image":{"@type":"ImageObject","inLanguage":"pt-BR","@id":"https:\/\/secure.gravatar.com\/avatar\/538020bdb4ad00427d7fb082230b66e6742b8928bf597eb936815d555790e301?s=96&d=blank&r=g","url":"https:\/\/secure.gravatar.com\/avatar\/538020bdb4ad00427d7fb082230b66e6742b8928bf597eb936815d555790e301?s=96&d=blank&r=g","contentUrl":"https:\/\/secure.gravatar.com\/avatar\/538020bdb4ad00427d7fb082230b66e6742b8928bf597eb936815d555790e301?s=96&d=blank&r=g","caption":"Fernanda Leit\u00e3o"},"sameAs":["http:\/\/bacanaskincare.com"]}]}},"_links":{"self":[{"href":"https:\/\/bacanaskincare.com\/pt-br\/wp-json\/wp\/v2\/posts\/19646","targetHints":{"allow":["GET"]}}],"collection":[{"href":"https:\/\/bacanaskincare.com\/pt-br\/wp-json\/wp\/v2\/posts"}],"about":[{"href":"https:\/\/bacanaskincare.com\/pt-br\/wp-json\/wp\/v2\/types\/post"}],"author":[{"embeddable":true,"href":"https:\/\/bacanaskincare.com\/pt-br\/wp-json\/wp\/v2\/users\/3"}],"replies":[{"embeddable":true,"href":"https:\/\/bacanaskincare.com\/pt-br\/wp-json\/wp\/v2\/comments?post=19646"}],"version-history":[{"count":0,"href":"https:\/\/bacanaskincare.com\/pt-br\/wp-json\/wp\/v2\/posts\/19646\/revisions"}],"wp:featuredmedia":[{"embeddable":true,"href":"https:\/\/bacanaskincare.com\/pt-br\/wp-json\/wp\/v2\/media\/19601"}],"wp:attachment":[{"href":"https:\/\/bacanaskincare.com\/pt-br\/wp-json\/wp\/v2\/media?parent=19646"}],"wp:term":[{"taxonomy":"category","embeddable":true,"href":"https:\/\/bacanaskincare.com\/pt-br\/wp-json\/wp\/v2\/categories?post=19646"},{"taxonomy":"post_tag","embeddable":true,"href":"https:\/\/bacanaskincare.com\/pt-br\/wp-json\/wp\/v2\/tags?post=19646"}],"curies":[{"name":"wp","href":"https:\/\/api.w.org\/{rel}","templated":true}]}}